{"id":4873,"date":"2022-02-14T11:34:31","date_gmt":"2022-02-14T11:34:31","guid":{"rendered":"https:\/\/senasa.gob.hn\/web\/?p=4873"},"modified":"2022-02-14T11:35:42","modified_gmt":"2022-02-14T11:35:42","slug":"sag-y-senasa-presentes-en-la-60-expo-ganadera-de-san-marcos-de-colon","status":"publish","type":"post","link":"https:\/\/senasa.gob.hn\/web\/2022\/02\/14\/sag-y-senasa-presentes-en-la-60-expo-ganadera-de-san-marcos-de-colon\/","title":{"rendered":"SAG y SENASA presentes en la 60 expo ganadera de San Marcos de Col\u00f3n"},"content":{"rendered":"\t\t<div data-elementor-type=\"wp-post\" data-elementor-id=\"4873\" class=\"elementor elementor-4873\">\n\t\t\t\t\t\t<section class=\"elementor-section elementor-top-section elementor-element elementor-element-ecf6c01 elementor-section-boxed elementor-section-height-default elementor-section-height-default\" data-id=\"ecf6c01\" data-element_type=\"section\" data-e-type=\"section\">\n\t\t\t\t\t\t<div class=\"elementor-container elementor-column-gap-default\">\n\t\t\t\t\t<div class=\"elementor-column elementor-col-100 elementor-top-column elementor-element elementor-element-13e8724\" data-id=\"13e8724\" data-element_type=\"column\" data-e-type=\"column\">\n\t\t\t<div class=\"elementor-widget-wrap elementor-element-populated\">\n\t\t\t\t\t\t<div class=\"elementor-element elementor-element-b194e89 elementor-widget elementor-widget-text-editor\" data-id=\"b194e89\" data-element_type=\"widget\" data-e-type=\"widget\" data-widget_type=\"text-editor.default\">\n\t\t\t\t<div class=\"elementor-widget-container\">\n\t\t\t\t\t\t\t\t\t<p style=\"text-align: justify;\"><img fetchpriority=\"high\" decoding=\"async\" src=\"images\/ANIMALES_SAN_MARCOS.jpg\" alt=\"\" width=\"609\" height=\"296\" \/><\/p>\n<p style=\"text-align: justify;\"><strong>SAG y SENASA presentes en la 60 expo ganadera de San Marcos de Col\u00f3n<\/strong><\/p>\n<p style=\"text-align: justify;\">Con exhibici\u00f3n de bovinos de carne y leche de 20 fincas fue inaugurada la 60 Expo-ganadera de San Marcos de Col\u00f3n con el acompa\u00f1amiento del Gobierno de la Rep\u00fablica a trav\u00e9s de la Secretar\u00eda de Agricultura y Ganader\u00eda (SAG), El Programa EmprendeSur, El Servicio Nacional de Sanidad e Inocuidad Agroalimentaria (SENASA) y La Federaci\u00f3n Nacional de Agricultores y Ganaderos de Honduras (FENAGH).<\/p>\n<p style=\"text-align: justify;\">Esta actividad que realiza la Asociaci\u00f3n de Ganaderos y Agricultores de San Marcos de Col\u00f3n a\u00f1o con a\u00f1o es apoyada por la SAG a trav\u00e9s de EmprendeSur quien ha destinado 2.5 millones de lempiras para el procesamiento de leche de forma artesanal e industrial, dijo Arturo Oliva coordinador del Programa en la regi\u00f3n.<\/p>\n<p style=\"text-align: justify;\">\u201cEstamos acompa\u00f1ando a la Asociaci\u00f3n, es mi obligaci\u00f3n como funcionario de gobierno, estos 60 a\u00f1os de trayectoria son un extraordinario record y conociendo este nuevo relevo generacional de los ganaderos, seguro el \u00e9xito va a estar presente, siempre hemos puestos los ojos en esta zona y claro hay mucho por hacer, seguiremos apoyando\u201d.<\/p>\n<p style=\"text-align: justify;\">Por su parte, Luis Abraham Guillen, presidente de AGASM, expres\u00f3 que \u201cestamos muy contestos de poder inaugurar la expo-ganadera 2019, recordemos que fue aqu\u00ed en este Departamento donde se realiz\u00f3 la primera exposici\u00f3n bovina a nivel de Honduras ya 60 a\u00f1os de trayectoria en el rubro\u201d.<\/p>\n<p style=\"text-align: justify;\">Agreg\u00f3, que participan 120 cabezas de ganado de leche y carne de las razas Holstein, Jersey, Pardo Suizo y Brahman de fincas declaradas libres de las enfermedades de brucelosis y tuberculosis bovinas e identificadas con trazabilidad por el SENASA.<\/p>\n<p style=\"text-align: justify;\">Carlos Corrales presidente de la Federaci\u00f3n de Ganaderos del Sur (FEGASURH), se\u00f1al\u00f3 que est\u00e1n apoyando a la Asociaci\u00f3n de Ganaderos de San Marcos de Col\u00f3n, misma que forma parte de esta nueva organizaci\u00f3n la cual cuenta con 20 agremiados y dos ONG que incluye la participaci\u00f3n de 600 productores.<\/p>\n<p style=\"text-align: justify;\">De igual forma, Arturo V\u00e1squez Cruz coordinador de SENASA regi\u00f3n Sur, declar\u00f3 que el objetivo de la instituci\u00f3n es brindar servicios de calidad a los usuarios que requieren de la asistencia t\u00e9cnica y que se han logrado avances significativos en el rubro ganadero.<\/p>\n<p style=\"text-align: justify;\"><strong>Beneficiarios<\/strong><\/p>\n<p style=\"text-align: justify;\">Roberto Larios, propietario de la Finca Larios Rach, manifest\u00f3 que \u201cnuestra ganader\u00eda es un legado de mi padre y nosotros le apostamos al rubro de la gen\u00e9tica, mi ganader\u00eda es de doble prop\u00f3sito, quiero agradecer a los t\u00e9cnicos de SENASA quienes nos brinda asistencia t\u00e9cnica, mis animales han sido sagrados y est\u00e1n libres de enfermedades, unrequisito que debemos cumplir ya que tambi\u00e9n nos dedicamos a la venta de sementales y es responsabilidad nuestra, entregar semovientes sanos a los compradores\u201d.<\/p>\n<p style=\"text-align: justify;\">Asimismo, Luis Alfredo Corrales, propietario del Rancho Lacor, dijo que \u201ctenemos 10 a\u00f1os de participar en la exposici\u00f3n, somos criadores de la raza Pardo Suizo en esta zona y recibimos el apoyo de la SAG- SENASA, nuestra finca est\u00e1 en proceso de certificaci\u00f3n\u201d.<\/p>\n<p style=\"text-align: justify;\">Corrales, exterioriz\u00f3 que tienen una Planta Procesadora de L\u00e1cteos desde hace 35 a\u00f1os en la cual reciben asistencia t\u00e9cnica de inocuidad y procesan entre 5 mil a 7 mil litros diarios de leche, cuyo producto es distribuido a nivel local, Choluteca, Tegucigalpa y San Pedro Sula.<\/p>\n<p><em>\u00a0<\/em><\/p>\t\t\t\t\t\t\t\t<\/div>\n\t\t\t\t<\/div>\n\t\t\t\t\t<\/div>\n\t\t<\/div>\n\t\t\t\t\t<\/div>\n\t\t<\/section>\n\t\t\t\t<\/div>\n\t\t","protected":false},"excerpt":{"rendered":"<p>SAG y SENASA presentes en la 60 expo ganadera de San Marcos de Col\u00f3n Con exhibici\u00f3n de bovinos de carne y leche de 20 fincas fue inaugurada la 60 Expo-ganadera de San Marcos de Col\u00f3n con el acompa\u00f1amiento del Gobierno de la Rep\u00fablica a trav\u00e9s de la Secretar\u00eda de Agricultura y Ganader\u00eda (SAG), El Programa &hellip;<\/p>\n<p class=\"read-more\"> <a class=\"\" href=\"https:\/\/senasa.gob.hn\/web\/2022\/02\/14\/sag-y-senasa-presentes-en-la-60-expo-ganadera-de-san-marcos-de-colon\/\"> <span class=\"screen-reader-text\">SAG y SENASA presentes en la 60 expo ganadera de San Marcos de Col\u00f3n<\/span> Leer m\u00e1s &raquo;<\/a><\/p>\n","protected":false},"author":1,"featured_media":0,"comment_status":"open","ping_status":"open","sticky":false,"template":"","format":"standard","meta":{"ub_ctt_via":"","site-sidebar-layout":"default","site-content-layout":"default","ast-main-header-display":"","ast-hfb-above-header-display":"","ast-hfb-below-header-display":"","ast-hfb-mobile-header-display":"","site-post-title":"","ast-breadcrumbs-content":"","ast-featured-img":"","footer-sml-layout":"","theme-transparent-header-meta":"","adv-header-id-meta":"","stick-header-meta":"","header-above-stick-meta":"","header-main-stick-meta":"","header-below-stick-meta":"","footnotes":""},"categories":[1],"tags":[],"class_list":["post-4873","post","type-post","status-publish","format-standard","hentry","category-sin-categoria"],"featured_image_src":null,"author_info":{"display_name":"admin","author_link":"https:\/\/senasa.gob.hn\/web\/author\/admin\/"},"_links":{"self":[{"href":"https:\/\/senasa.gob.hn\/web\/wp-json\/wp\/v2\/posts\/4873","targetHints":{"allow":["GET"]}}],"collection":[{"href":"https:\/\/senasa.gob.hn\/web\/wp-json\/wp\/v2\/posts"}],"about":[{"href":"https:\/\/senasa.gob.hn\/web\/wp-json\/wp\/v2\/types\/post"}],"author":[{"embeddable":true,"href":"https:\/\/senasa.gob.hn\/web\/wp-json\/wp\/v2\/users\/1"}],"replies":[{"embeddable":true,"href":"https:\/\/senasa.gob.hn\/web\/wp-json\/wp\/v2\/comments?post=4873"}],"version-history":[{"count":4,"href":"https:\/\/senasa.gob.hn\/web\/wp-json\/wp\/v2\/posts\/4873\/revisions"}],"predecessor-version":[{"id":4877,"href":"https:\/\/senasa.gob.hn\/web\/wp-json\/wp\/v2\/posts\/4873\/revisions\/4877"}],"wp:attachment":[{"href":"https:\/\/senasa.gob.hn\/web\/wp-json\/wp\/v2\/media?parent=4873"}],"wp:term":[{"taxonomy":"category","embeddable":true,"href":"https:\/\/senasa.gob.hn\/web\/wp-json\/wp\/v2\/categories?post=4873"},{"taxonomy":"post_tag","embeddable":true,"href":"https:\/\/senasa.gob.hn\/web\/wp-json\/wp\/v2\/tags?post=4873"}],"curies":[{"name":"wp","href":"https:\/\/api.w.org\/{rel}","templated":true}]}}