{"id":4868,"date":"2022-02-14T11:31:29","date_gmt":"2022-02-14T11:31:29","guid":{"rendered":"https:\/\/senasa.gob.hn\/web\/?p=4868"},"modified":"2022-02-14T11:32:41","modified_gmt":"2022-02-14T11:32:41","slug":"sag-senasa-presente-en-feria-de-la-trasparencia","status":"publish","type":"post","link":"https:\/\/senasa.gob.hn\/web\/2022\/02\/14\/sag-senasa-presente-en-feria-de-la-trasparencia\/","title":{"rendered":"SAG- Senasa presente en Feria de la Trasparencia"},"content":{"rendered":"\t\t<div data-elementor-type=\"wp-post\" data-elementor-id=\"4868\" class=\"elementor elementor-4868\">\n\t\t\t\t\t\t<section class=\"elementor-section elementor-top-section elementor-element elementor-element-4538cac elementor-section-boxed elementor-section-height-default elementor-section-height-default\" data-id=\"4538cac\" data-element_type=\"section\" data-e-type=\"section\">\n\t\t\t\t\t\t<div class=\"elementor-container elementor-column-gap-default\">\n\t\t\t\t\t<div class=\"elementor-column elementor-col-100 elementor-top-column elementor-element elementor-element-ce325fa\" data-id=\"ce325fa\" data-element_type=\"column\" data-e-type=\"column\">\n\t\t\t<div class=\"elementor-widget-wrap elementor-element-populated\">\n\t\t\t\t\t\t<div class=\"elementor-element elementor-element-3d99376 elementor-widget elementor-widget-text-editor\" data-id=\"3d99376\" data-element_type=\"widget\" data-e-type=\"widget\" data-widget_type=\"text-editor.default\">\n\t\t\t\t<div class=\"elementor-widget-container\">\n\t\t\t\t\t\t\t\t\t<p><img fetchpriority=\"high\" decoding=\"async\" src=\"images\/TRASPARNCIA-5.jpg\" alt=\"\" width=\"490\" height=\"505\" \/><\/p>\n<p><strong>SAG- Senasa presente en Feria de la Trasparencia&nbsp;<\/strong><\/p>\n<hr id=\"system-readmore\" \/>\n<p>&nbsp;La Secretar\u00eda de Agricultura y Ganader\u00eda SAG, en coordinacion con sus dependencias se hizo presente este 25 de septiembre al participar en la Feria de la Transparencia que se desarrolla en el Parque Central del Casco Hist\u00f3rico capitalino.<\/p>\n<p style=\"margin: 6px 0px; display: block; font-family: Helvetica, Arial, sans-serif; color: #1d2129; font-size: 14px; font-style: normal; font-weight: 400; letter-spacing: normal; orphans: 2; text-align: justify; text-indent: 0px; text-transform: none; white-space: normal; widows: 2; word-spacing: 0px; background-color: #ffffff;\">La SAG participa por medio de un Stand Informativo con la presencia de Senasa, Dicta, Seduca, Pronagro, Digepesca, donde los t\u00e9cnicos y periodistas de la instituci\u00f3n brindan con t<span class=\"text_exposed_show\" style=\"display: inline; font-family: inherit;\">ransparencia todo el accionar institucional.<\/span><\/p>\n<p><img decoding=\"async\" src=\"images\/TRASPARENCIA.jpg\" alt=\"\" width=\"500\" height=\"393\" \/><\/p>\n<div class=\"text_exposed_show\" style=\"display: inline; font-family: Helvetica, Arial, sans-serif; color: #1d2129; font-size: 14px; font-style: normal; font-weight: 400; letter-spacing: normal; orphans: 2; text-align: start; text-indent: 0px; text-transform: none; white-space: normal; widows: 2; word-spacing: 0px; background-color: #ffffff;\">\n<p style=\"margin: 0px 0px 6px; font-family: inherit; text-align: justify;\">Los ciudadanos pudieron conocer en detalle como esta Secretar\u00eda de Estado apoya a los productores y productoras en los diferentes rubros agropecuarios de producci\u00f3n nacional y de exportaci\u00f3n.<\/p>\n<p style=\"margin: 6px 0px; font-family: inherit; text-align: justify;\">La coordinaci\u00f3n para poder participar en esta Feria Informativa de Transparencia esta a cargo de Paola Rivas responsable la Unidad de Transparencia de la SAG y un Comit\u00e9 T\u00e9cnico.<\/p>\n<p style=\"margin: 6px 0px; font-family: inherit; text-align: justify;\">El p\u00fablico capitalino se mostr\u00f3 muy interesado en conocer el que hacer de la SAG a nivel nacional donde el evento tambi\u00e9n fue promocionado en una transmisi\u00f3n en vivo para la redes sociales .<\/p>\n<\/div>\t\t\t\t\t\t\t\t<\/div>\n\t\t\t\t<\/div>\n\t\t\t\t\t<\/div>\n\t\t<\/div>\n\t\t\t\t\t<\/div>\n\t\t<\/section>\n\t\t\t\t<\/div>\n\t\t","protected":false},"excerpt":{"rendered":"<p>SAG- Senasa presente en Feria de la Trasparencia&nbsp; &nbsp;La Secretar\u00eda de Agricultura y Ganader\u00eda SAG, en coordinacion con sus dependencias se hizo presente este 25 de septiembre al participar en la Feria de la Transparencia que se desarrolla en el Parque Central del Casco Hist\u00f3rico capitalino. La SAG participa por medio de un Stand Informativo &hellip;<\/p>\n<p class=\"read-more\"> <a class=\"\" href=\"https:\/\/senasa.gob.hn\/web\/2022\/02\/14\/sag-senasa-presente-en-feria-de-la-trasparencia\/\"> <span class=\"screen-reader-text\">SAG- Senasa presente en Feria de la Trasparencia<\/span> Leer m\u00e1s &raquo;<\/a><\/p>\n","protected":false},"author":1,"featured_media":0,"comment_status":"open","ping_status":"open","sticky":false,"template":"","format":"standard","meta":{"ub_ctt_via":"","site-sidebar-layout":"default","site-content-layout":"default","ast-main-header-display":"","ast-hfb-above-header-display":"","ast-hfb-below-header-display":"","ast-hfb-mobile-header-display":"","site-post-title":"","ast-breadcrumbs-content":"","ast-featured-img":"","footer-sml-layout":"","theme-transparent-header-meta":"","adv-header-id-meta":"","stick-header-meta":"","header-above-stick-meta":"","header-main-stick-meta":"","header-below-stick-meta":"","footnotes":""},"categories":[1],"tags":[],"class_list":["post-4868","post","type-post","status-publish","format-standard","hentry","category-sin-categoria"],"featured_image_src":null,"author_info":{"display_name":"admin","author_link":"https:\/\/senasa.gob.hn\/web\/author\/admin\/"},"_links":{"self":[{"href":"https:\/\/senasa.gob.hn\/web\/wp-json\/wp\/v2\/posts\/4868","targetHints":{"allow":["GET"]}}],"collection":[{"href":"https:\/\/senasa.gob.hn\/web\/wp-json\/wp\/v2\/posts"}],"about":[{"href":"https:\/\/senasa.gob.hn\/web\/wp-json\/wp\/v2\/types\/post"}],"author":[{"embeddable":true,"href":"https:\/\/senasa.gob.hn\/web\/wp-json\/wp\/v2\/users\/1"}],"replies":[{"embeddable":true,"href":"https:\/\/senasa.gob.hn\/web\/wp-json\/wp\/v2\/comments?post=4868"}],"version-history":[{"count":4,"href":"https:\/\/senasa.gob.hn\/web\/wp-json\/wp\/v2\/posts\/4868\/revisions"}],"predecessor-version":[{"id":4872,"href":"https:\/\/senasa.gob.hn\/web\/wp-json\/wp\/v2\/posts\/4868\/revisions\/4872"}],"wp:attachment":[{"href":"https:\/\/senasa.gob.hn\/web\/wp-json\/wp\/v2\/media?parent=4868"}],"wp:term":[{"taxonomy":"category","embeddable":true,"href":"https:\/\/senasa.gob.hn\/web\/wp-json\/wp\/v2\/categories?post=4868"},{"taxonomy":"post_tag","embeddable":true,"href":"https:\/\/senasa.gob.hn\/web\/wp-json\/wp\/v2\/tags?post=4868"}],"curies":[{"name":"wp","href":"https:\/\/api.w.org\/{rel}","templated":true}]}}