{"id":4863,"date":"2022-02-14T11:28:27","date_gmt":"2022-02-14T11:28:27","guid":{"rendered":"https:\/\/senasa.gob.hn\/web\/?p=4863"},"modified":"2022-02-14T11:29:54","modified_gmt":"2022-02-14T11:29:54","slug":"sag-inaugura-agromercados-2018","status":"publish","type":"post","link":"https:\/\/senasa.gob.hn\/web\/2022\/02\/14\/sag-inaugura-agromercados-2018\/","title":{"rendered":"SAG inaugura agromercados 2018"},"content":{"rendered":"\t\t<div data-elementor-type=\"wp-post\" data-elementor-id=\"4863\" class=\"elementor elementor-4863\">\n\t\t\t\t\t\t<section class=\"elementor-section elementor-top-section elementor-element elementor-element-2231a96 elementor-section-boxed elementor-section-height-default elementor-section-height-default\" data-id=\"2231a96\" data-element_type=\"section\" data-e-type=\"section\">\n\t\t\t\t\t\t<div class=\"elementor-container elementor-column-gap-default\">\n\t\t\t\t\t<div class=\"elementor-column elementor-col-100 elementor-top-column elementor-element elementor-element-fcd0f3c\" data-id=\"fcd0f3c\" data-element_type=\"column\" data-e-type=\"column\">\n\t\t\t<div class=\"elementor-widget-wrap elementor-element-populated\">\n\t\t\t\t\t\t<div class=\"elementor-element elementor-element-58b6190 elementor-widget elementor-widget-text-editor\" data-id=\"58b6190\" data-element_type=\"widget\" data-e-type=\"widget\" data-widget_type=\"text-editor.default\">\n\t\t\t\t<div class=\"elementor-widget-container\">\n\t\t\t\t\t\t\t\t\t<p><img fetchpriority=\"high\" decoding=\"async\" src=\"images\/agroemrcados-director.jpg\" alt=\"\" width=\"541\" height=\"620\" \/><\/p>\n<p>SAG inaugura agromercados 2018<\/p>\n<hr id=\"system-readmore\" \/>\n<p>&nbsp;El Secretario de Agricultura y Ganader\u00eda (SAG), Mauricio Guevara, inaugur\u00f3 hoy la IV edici\u00f3n de la Feria de Agromercados 2018, en San Pedro Sula, durante la cual se desarrollar\u00e1n 1,200 ruedas de negocios.<\/p>\n<p>En su discurso, explic\u00f3 que la IV edici\u00f3n de la Feria Agr\u00edcola y Pecuaria, Agromercados 2018 es la m\u00e1s importante de Honduras y en la cual participan unos 3,000 visitantes profesionales, y se realizar\u00e1n m\u00e1s de 1,200 encuentros de negocio, con la participaci\u00f3n de m\u00e1s de 600 empresas del sector agropecuario, compradores internacionales de m\u00e1s de 22 pa\u00edses, ciclo de conferencias y presentaci\u00f3n de innovaciones tecnol\u00f3gicas.<\/p>\n<p><img decoding=\"async\" src=\"images\/agromercado.jpg\" alt=\"\" width=\"523\" height=\"319\" \/><\/p>\n<p>&nbsp;<\/p>\n<p>\u201cPor espacio de dos d\u00edas Honduras ser\u00e1 el centro de atenci\u00f3n convirti\u00e9ndose en una vitrina para el mundo en cuanto a productos capaces de producir de calidad exportable\u201d, dijo.<\/p>\n<p>Entre los productos que han recibido mayor demanda est\u00e1n caf\u00e9, berenjena, okra (cultivo afrodisiaco poco conocido en el pa\u00eds) y dem\u00e1s productos de origen asi\u00e1tico que exporta Honduras a Estados Unidos.<\/p>\n<p>Se suman las frutas y hortalizas entre una gran variedad de productos que se estar\u00e1n ofertando a lo largo de la jornada, indic\u00f3.<\/p>\n<p>Uno de los objetivos es darles seguimiento a las ruedas de negocios para poder concretar los resultados de la feria y as\u00ed poder llegar a la quinta edici\u00f3n con negocios realizados.<\/p>\t\t\t\t\t\t\t\t<\/div>\n\t\t\t\t<\/div>\n\t\t\t\t\t<\/div>\n\t\t<\/div>\n\t\t\t\t\t<\/div>\n\t\t<\/section>\n\t\t\t\t<\/div>\n\t\t","protected":false},"excerpt":{"rendered":"<p>SAG inaugura agromercados 2018 &nbsp;El Secretario de Agricultura y Ganader\u00eda (SAG), Mauricio Guevara, inaugur\u00f3 hoy la IV edici\u00f3n de la Feria de Agromercados 2018, en San Pedro Sula, durante la cual se desarrollar\u00e1n 1,200 ruedas de negocios. En su discurso, explic\u00f3 que la IV edici\u00f3n de la Feria Agr\u00edcola y Pecuaria, Agromercados 2018 es la &hellip;<\/p>\n<p class=\"read-more\"> <a class=\"\" href=\"https:\/\/senasa.gob.hn\/web\/2022\/02\/14\/sag-inaugura-agromercados-2018\/\"> <span class=\"screen-reader-text\">SAG inaugura agromercados 2018<\/span> Leer m\u00e1s &raquo;<\/a><\/p>\n","protected":false},"author":1,"featured_media":0,"comment_status":"open","ping_status":"open","sticky":false,"template":"","format":"standard","meta":{"ub_ctt_via":"","site-sidebar-layout":"default","site-content-layout":"default","ast-main-header-display":"","ast-hfb-above-header-display":"","ast-hfb-below-header-display":"","ast-hfb-mobile-header-display":"","site-post-title":"","ast-breadcrumbs-content":"","ast-featured-img":"","footer-sml-layout":"","theme-transparent-header-meta":"","adv-header-id-meta":"","stick-header-meta":"","header-above-stick-meta":"","header-main-stick-meta":"","header-below-stick-meta":"","footnotes":""},"categories":[1],"tags":[],"class_list":["post-4863","post","type-post","status-publish","format-standard","hentry","category-sin-categoria"],"featured_image_src":null,"author_info":{"display_name":"admin","author_link":"https:\/\/senasa.gob.hn\/web\/author\/admin\/"},"_links":{"self":[{"href":"https:\/\/senasa.gob.hn\/web\/wp-json\/wp\/v2\/posts\/4863","targetHints":{"allow":["GET"]}}],"collection":[{"href":"https:\/\/senasa.gob.hn\/web\/wp-json\/wp\/v2\/posts"}],"about":[{"href":"https:\/\/senasa.gob.hn\/web\/wp-json\/wp\/v2\/types\/post"}],"author":[{"embeddable":true,"href":"https:\/\/senasa.gob.hn\/web\/wp-json\/wp\/v2\/users\/1"}],"replies":[{"embeddable":true,"href":"https:\/\/senasa.gob.hn\/web\/wp-json\/wp\/v2\/comments?post=4863"}],"version-history":[{"count":4,"href":"https:\/\/senasa.gob.hn\/web\/wp-json\/wp\/v2\/posts\/4863\/revisions"}],"predecessor-version":[{"id":4867,"href":"https:\/\/senasa.gob.hn\/web\/wp-json\/wp\/v2\/posts\/4863\/revisions\/4867"}],"wp:attachment":[{"href":"https:\/\/senasa.gob.hn\/web\/wp-json\/wp\/v2\/media?parent=4863"}],"wp:term":[{"taxonomy":"category","embeddable":true,"href":"https:\/\/senasa.gob.hn\/web\/wp-json\/wp\/v2\/categories?post=4863"},{"taxonomy":"post_tag","embeddable":true,"href":"https:\/\/senasa.gob.hn\/web\/wp-json\/wp\/v2\/tags?post=4863"}],"curies":[{"name":"wp","href":"https:\/\/api.w.org\/{rel}","templated":true}]}}