{"id":4805,"date":"2022-02-14T09:13:42","date_gmt":"2022-02-14T09:13:42","guid":{"rendered":"https:\/\/senasa.gob.hn\/web\/?p=4805"},"modified":"2022-02-14T10:50:22","modified_gmt":"2022-02-14T10:50:22","slug":"remodelan-instalaciones-de-regional-senasa-copan","status":"publish","type":"post","link":"https:\/\/senasa.gob.hn\/web\/2022\/02\/14\/remodelan-instalaciones-de-regional-senasa-copan\/","title":{"rendered":"Remodelan instalaciones de Regional Senasa Cop\u00e1n"},"content":{"rendered":"\t\t<div data-elementor-type=\"wp-post\" data-elementor-id=\"4805\" class=\"elementor elementor-4805\">\n\t\t\t\t\t\t<section class=\"elementor-section elementor-top-section elementor-element elementor-element-67a3278 elementor-section-boxed elementor-section-height-default elementor-section-height-default\" data-id=\"67a3278\" data-element_type=\"section\" data-e-type=\"section\">\n\t\t\t\t\t\t<div class=\"elementor-container elementor-column-gap-default\">\n\t\t\t\t\t<div class=\"elementor-column elementor-col-100 elementor-top-column elementor-element elementor-element-78d6520\" data-id=\"78d6520\" data-element_type=\"column\" data-e-type=\"column\">\n\t\t\t<div class=\"elementor-widget-wrap elementor-element-populated\">\n\t\t\t\t\t\t<div class=\"elementor-element elementor-element-d5b3079 elementor-widget elementor-widget-text-editor\" data-id=\"d5b3079\" data-element_type=\"widget\" data-e-type=\"widget\" data-widget_type=\"text-editor.default\">\n\t\t\t\t<div class=\"elementor-widget-container\">\n\t\t\t\t\t\t\t\t\t<p style=\"text-align: justify;\"><strong><img fetchpriority=\"high\" decoding=\"async\" src=\"images\/Remodelacion_Santa_Rosa_de_Copan9.jpg\" alt=\"\" width=\"362\" height=\"176\" \/><\/strong><\/p>\n<p style=\"text-align: justify;\"><strong>Remodelan instalaciones de Regional Senasa Cop\u00e1n<\/strong><\/p>\n<hr id=\"system-readmore\" \/>\n<p style=\"text-align: justify;\"><strong>Cop\u00e1n. 15 de agosto de 2019.<\/strong> Despu\u00e9s de 40 a\u00f1os la Oficina Regional del Servicio Nacional de Sanidad e Inocuidad Agroalimentaria (SENASA), ubicada en Santa Rosa de Cop\u00e1n es remodelada,\u00a0con el fin de prestar mejor atenci\u00f3n a los usuarios y dar bienestar humano a empleados en este sector.<\/p>\n<p style=\"text-align: justify;\">Las nuevas instalaciones administrativas propiedad de SENASA, adscrita a la Secretar\u00eda de Agricultura y Ganader\u00eda (SAG) fue remozada con fondos propios de la instituci\u00f3n por un valor de L. 1, 522,292.02.<\/p>\n<p style=\"text-align: justify;\">Durante los actos de inauguraci\u00f3n del inmueble Jos\u00e9 Ben\u00edtez subsecretario de Agricultura de la SAG, manifest\u00f3 que \u201ces hist\u00f3rico, hoy estamos cumpliendo una nueva etapa en esta regi\u00f3n tur\u00edstica, ganadera y agr\u00edcola entregando una oficina moderna con la cual mejoraremos los servicios que presta el SENASA\u201d.<\/p>\n<p style=\"text-align: justify;\"><img decoding=\"async\" src=\"images\/Remodelacion_Santa_Rosa_de_Copan_2.jpg\" alt=\"\" width=\"358\" height=\"174\" \/><\/p>\n<p style=\"text-align: justify;\">A\u00f1adi\u00f3, que es un mandato del Presidente de la Rep\u00fablica, Juan Orlando Hern\u00e1ndez, promover y apoyar a los productores y ganaderos a nivel nacional y esta remodelaci\u00f3n es una primera etapa ya que a principios de septiembre se dar\u00e1 inicio a la construcci\u00f3n del laboratorio en esta regional con el apoyo del Departamento de Agricultura de los Estados Unidos (USDA).<\/p>\n<p style=\"text-align: justify;\">Por su parte, Carlos Ferrera, Director General de SENASA, se\u00f1al\u00f3 que la idea es modernizar todas las oficinas de la instituci\u00f3n, remodelar, construir y equipar a los\u00a0 laboratorios con \u00f3ptimas condiciones.<\/p>\n<p style=\"text-align: justify;\">\u201cEsta oficina regional ahora contar\u00e1 con una ventanilla exclusiva de Centrex, Ba\u00f1os con duchas especiales para los t\u00e9cnicos que realizan labor en campo, \u00e1rea de recepci\u00f3n para el usuario, comedor y red de comunicaci\u00f3n entre enlaces\u201d.<\/p>\n<p style=\"text-align: justify;\"><img decoding=\"async\" src=\"images\/Remodelacin_Santa_Rosa_de_Copan_12.jpg\" alt=\"\" width=\"354\" height=\"172\" \/><\/p>\n<p style=\"text-align: justify;\">Por su parte Ren\u00e9 Romero Regidor de la Alcald\u00eda en esta ciudad, se\u00f1al\u00f3 que &#8221; he sido uno de los beneficiarios, mi finca est\u00e1 bajo asistencia t\u00e9cnica, y como autoridades municipales estamos comprometidos a impulsar el desarrollo de la agricultura y la ganader\u00eda, nuestro agradecimiento al Presidente&#8221;.<\/p>\n<p style=\"text-align: justify;\">&#8220;Estamos agradecidos con SENASA, nos han apoyado con los programas y s\u00e9 que esto viene a mejorar los servicios que presta en este sector&#8221; &#8216; dijo Gilberto Moreno Presidente de la AGAC.<\/p>\n<p style=\"text-align: justify;\">En el evento participaron, Ricardo Paz Mej\u00eda ex Director General SENASA, Ren\u00e9 Romero Regidor de la Alcald\u00eda de Santa Rosa de Cop\u00e1n, Araceli Milla en representaci\u00f3n de la Gobernaci\u00f3n Departamental, Gilberto Moreno Alvarado Presidente de la Asociaci\u00f3n de Ganaderos y Agricultores (AGAC) , Didier Robles, Luis Rivera Coordinador de Proyectos Manuel Sevilla, Coordinador Regional SENASA, as\u00ed como la presentaci\u00f3n del Cuadro de Danza Folcl\u00f3rica de la Escuela Mercedes V Robles, de la Tabacalera Flor de Cop\u00e1n y Coffe Planet.<\/p>\n<p style=\"text-align: justify;\"><img loading=\"lazy\" decoding=\"async\" src=\"images\/Remodelacion_de_Santa_Rosa_3.jpg\" alt=\"\" width=\"351\" height=\"171\" \/><\/p>\n<p style=\"text-align: justify;\">La instituci\u00f3n brinda vigilancia epidemiol\u00f3gica para las enfermedades de brucelosis y tuberculosis bovina, equinos, trazabilidad, inspecci\u00f3n y en granjas av\u00edcolas, plantas procesadoras de leche, y asistencia t\u00e9cnica y diagnostico fitosanitario en plantaciones de vegetales entre otros.<\/p>\t\t\t\t\t\t\t\t<\/div>\n\t\t\t\t<\/div>\n\t\t\t\t\t<\/div>\n\t\t<\/div>\n\t\t\t\t\t<\/div>\n\t\t<\/section>\n\t\t\t\t<\/div>\n\t\t","protected":false},"excerpt":{"rendered":"<p>Remodelan instalaciones de Regional Senasa Cop\u00e1n Cop\u00e1n. 15 de agosto de 2019. Despu\u00e9s de 40 a\u00f1os la Oficina Regional del Servicio Nacional de Sanidad e Inocuidad Agroalimentaria (SENASA), ubicada en Santa Rosa de Cop\u00e1n es remodelada,\u00a0con el fin de prestar mejor atenci\u00f3n a los usuarios y dar bienestar humano a empleados en este sector. Las &hellip;<\/p>\n<p class=\"read-more\"> <a class=\"\" href=\"https:\/\/senasa.gob.hn\/web\/2022\/02\/14\/remodelan-instalaciones-de-regional-senasa-copan\/\"> <span class=\"screen-reader-text\">Remodelan instalaciones de Regional Senasa Cop\u00e1n<\/span> Leer m\u00e1s &raquo;<\/a><\/p>\n","protected":false},"author":1,"featured_media":0,"comment_status":"open","ping_status":"open","sticky":false,"template":"","format":"standard","meta":{"ub_ctt_via":"","site-sidebar-layout":"default","site-content-layout":"default","ast-main-header-display":"","ast-hfb-above-header-display":"","ast-hfb-below-header-display":"","ast-hfb-mobile-header-display":"","site-post-title":"","ast-breadcrumbs-content":"","ast-featured-img":"","footer-sml-layout":"","theme-transparent-header-meta":"","adv-header-id-meta":"","stick-header-meta":"","header-above-stick-meta":"","header-main-stick-meta":"","header-below-stick-meta":"","footnotes":""},"categories":[1],"tags":[],"class_list":["post-4805","post","type-post","status-publish","format-standard","hentry","category-sin-categoria"],"featured_image_src":null,"author_info":{"display_name":"admin","author_link":"https:\/\/senasa.gob.hn\/web\/author\/admin\/"},"_links":{"self":[{"href":"https:\/\/senasa.gob.hn\/web\/wp-json\/wp\/v2\/posts\/4805","targetHints":{"allow":["GET"]}}],"collection":[{"href":"https:\/\/senasa.gob.hn\/web\/wp-json\/wp\/v2\/posts"}],"about":[{"href":"https:\/\/senasa.gob.hn\/web\/wp-json\/wp\/v2\/types\/post"}],"author":[{"embeddable":true,"href":"https:\/\/senasa.gob.hn\/web\/wp-json\/wp\/v2\/users\/1"}],"replies":[{"embeddable":true,"href":"https:\/\/senasa.gob.hn\/web\/wp-json\/wp\/v2\/comments?post=4805"}],"version-history":[{"count":5,"href":"https:\/\/senasa.gob.hn\/web\/wp-json\/wp\/v2\/posts\/4805\/revisions"}],"predecessor-version":[{"id":4812,"href":"https:\/\/senasa.gob.hn\/web\/wp-json\/wp\/v2\/posts\/4805\/revisions\/4812"}],"wp:attachment":[{"href":"https:\/\/senasa.gob.hn\/web\/wp-json\/wp\/v2\/media?parent=4805"}],"wp:term":[{"taxonomy":"category","embeddable":true,"href":"https:\/\/senasa.gob.hn\/web\/wp-json\/wp\/v2\/categories?post=4805"},{"taxonomy":"post_tag","embeddable":true,"href":"https:\/\/senasa.gob.hn\/web\/wp-json\/wp\/v2\/tags?post=4805"}],"curies":[{"name":"wp","href":"https:\/\/api.w.org\/{rel}","templated":true}]}}