{"id":4725,"date":"2022-02-14T08:27:23","date_gmt":"2022-02-14T08:27:23","guid":{"rendered":"https:\/\/senasa.gob.hn\/web\/?p=4725"},"modified":"2022-02-14T08:28:44","modified_gmt":"2022-02-14T08:28:44","slug":"rambutan-organico-hondureno-se-degusta-en-estados-unidos","status":"publish","type":"post","link":"https:\/\/senasa.gob.hn\/web\/2022\/02\/14\/rambutan-organico-hondureno-se-degusta-en-estados-unidos\/","title":{"rendered":"Rambut\u00e1n org\u00e1nico hondure\u00f1o se degusta en Estados Unidos"},"content":{"rendered":"\t\t<div data-elementor-type=\"wp-post\" data-elementor-id=\"4725\" class=\"elementor elementor-4725\">\n\t\t\t\t\t\t<section class=\"elementor-section elementor-top-section elementor-element elementor-element-5d67048 elementor-section-boxed elementor-section-height-default elementor-section-height-default\" data-id=\"5d67048\" data-element_type=\"section\" data-e-type=\"section\">\n\t\t\t\t\t\t<div class=\"elementor-container elementor-column-gap-default\">\n\t\t\t\t\t<div class=\"elementor-column elementor-col-100 elementor-top-column elementor-element elementor-element-b657352\" data-id=\"b657352\" data-element_type=\"column\" data-e-type=\"column\">\n\t\t\t<div class=\"elementor-widget-wrap elementor-element-populated\">\n\t\t\t\t\t\t<div class=\"elementor-element elementor-element-8a50b2c elementor-widget elementor-widget-text-editor\" data-id=\"8a50b2c\" data-element_type=\"widget\" data-e-type=\"widget\" data-widget_type=\"text-editor.default\">\n\t\t\t\t<div class=\"elementor-widget-container\">\n\t\t\t\t\t\t\t\t\t<p><img fetchpriority=\"high\" decoding=\"async\" src=\"images\/CAJAS-DE-RAMBUTAN-ORGANICO-1.jpg\" alt=\"\" width=\"506\" height=\"612\" \/><\/p>\n<p style=\"margin: 0px 0px 6px; font-family: Helvetica, Arial, sans-serif; color: #1d2129; font-size: 14px; font-style: normal; font-weight: 400; letter-spacing: normal; orphans: 2; text-align: start; text-indent: 0px; text-transform: none; white-space: normal; widows: 2; word-spacing: 0px; background-color: #ffffff;\">Con primera exportaci\u00f3nes:<\/p>\n<p style=\"margin: 6px 0px; font-family: Helvetica, Arial, sans-serif; color: #1d2129; font-size: 14px; font-style: normal; font-weight: 400; letter-spacing: normal; orphans: 2; text-align: start; text-indent: 0px; text-transform: none; white-space: normal; widows: 2; word-spacing: 0px; background-color: #ffffff;\"><strong>Rambut\u00e1n org\u00e1nico hondure\u00f1o se degusta en Estados Unidos<\/strong><\/p>\n<hr id=\"system-readmore\" \/>\n<p>&nbsp;<\/p>\n<p style=\"margin: 6px 0px; font-family: Helvetica, Arial, sans-serif; color: #1d2129; font-size: 14px; font-style: normal; font-weight: 400; letter-spacing: normal; orphans: 2; text-align: start; text-indent: 0px; text-transform: none; white-space: normal; widows: 2; word-spacing: 0px; background-color: #ffffff;\">\u2022 El rambut\u00e1n es una fruta ex\u00f3tica de aspecto piloso, debido a la c\u00e1scara cubierta de espinas y un color rojizo cuando el fruto est\u00e1 maduro.<\/p>\n<p style=\"margin: 6px 0px; font-family: Helvetica, Arial, sans-serif; color: #1d2129; font-size: 14px; font-style: normal; font-weight: 400; letter-spacing: normal; orphans: 2; text-align: start; text-indent: 0px; text-transform: none; white-space: normal; widows: 2; word-spacing: 0px; background-color: #ffffff;\">\u2022 Las zonas \u00f3ptimas para el cultivo de este producto son el Litoral Atl\u00e1ntico y Cort\u00e9s.<\/p>\n<p style=\"text-align: justify;\"><span style=\"font-size: 12pt;\">Santa Cruz de Yojoa.- Cort\u00e9s. El rambut\u00e1n org\u00e1nico producido en tierras hondure\u00f1as ya se disfruta en los mercados de Estados Unidos, luego que recientemente Honduras lograra la primera exportaci\u00f3n de este producto ex\u00f3tico a ese pa\u00eds norteamericano.<\/span><\/p>\n<p style=\"margin: 6px 0px; font-family: Helvetica, Arial, sans-serif; color: #1d2129; font-size: 14px; font-style: normal; font-weight: 400; letter-spacing: normal; orphans: 2; text-align: justify; text-indent: 0px; text-transform: none; white-space: normal; widows: 2; word-spacing: 0px; background-color: #ffffff;\"><span style=\"font-size: 12pt;\">Las buenas pr\u00e1cticas agr\u00edcolas, de manufactura as\u00ed como el registro de la finca La Caridad y de la Planta Procesadora Abel, ubicada en la aldea los Achiotes, Santa Cruz de Yojoa, junto a la finca El Nance en Tela Atl\u00e1ntida fue transcendental para que este pa\u00eds centroamericano lograra el envi\u00f3 de las primeras cajas de rambut\u00e1n a Estados Unidos.<\/span><\/p>\n<p><img decoding=\"async\" src=\"images\/CAJAS-DE-RAMBUTAN-ORGANICO-3.jpg\" alt=\"\" width=\"488\" height=\"305\" \/><\/p>\n<p style=\"margin: 6px 0px; font-family: Helvetica, Arial, sans-serif; color: #1d2129; font-size: 14px; font-style: normal; font-weight: 400; letter-spacing: normal; orphans: 2; text-align: justify; text-indent: 0px; text-transform: none; white-space: normal; widows: 2; word-spacing: 0px; background-color: #ffffff;\"><span style=\"font-size: 12pt;\">Tanto la finca y la planta procesadora est\u00e1n bajo registro ante el Servicio Nacional de Sanidad e Inocuidad Agroalimentaria (SENASA) dependencia adscrita a la Secretar\u00eda de Agricultura y Ganader\u00eda (SAG).<\/span><\/p>\n<p style=\"margin: 6px 0px; font-family: Helvetica, Arial, sans-serif; color: #1d2129; font-size: 14px; font-style: normal; font-weight: 400; letter-spacing: normal; orphans: 2; text-align: justify; text-indent: 0px; text-transform: none; white-space: normal; widows: 2; word-spacing: 0px; background-color: #ffffff;\"><span style=\"font-size: 12pt;\">\u201cPara nosotros es de suma satisfacci\u00f3n estar en esta comunidad respaldando la producci\u00f3n y exportaci\u00f3n de rambut\u00e1n org\u00e1nico, mismo que ha cumplido con las normas nacionales e internacionales, expres\u00f3 Carlos Galo jefe del Departamento de Agricultura Org\u00e1nica, en la Subdirecci\u00f3n General de Sanidad Vegetal.<\/span><\/p>\n<p><img decoding=\"async\" src=\"images\/CAJAS-DE-RAMBUTAN-ORGANICO-2.jpg\" alt=\"\" width=\"490\" height=\"334\" \/><\/p>\n<p style=\"margin: 6px 0px; font-family: Helvetica, Arial, sans-serif; color: #1d2129; font-size: 14px; font-style: normal; font-weight: 400; letter-spacing: normal; orphans: 2; text-align: justify; text-indent: 0px; text-transform: none; white-space: normal; widows: 2; word-spacing: 0px; background-color: #ffffff;\"><span style=\"font-size: 12pt;\">Agreg\u00f3 que, este a\u00f1o inici\u00f3 el proceso de registro, \u201cy felizmente se han realizado las primeras exportaciones, producto avalado a trav\u00e9s de la certificaci\u00f3n que da la garant\u00eda ante el mercado estadounidense\u201d.<\/span><\/p>\n<p style=\"margin: 6px 0px; font-family: Helvetica, Arial, sans-serif; color: #1d2129; font-size: 14px; font-style: normal; font-weight: 400; letter-spacing: normal; orphans: 2; text-align: justify; text-indent: 0px; text-transform: none; white-space: normal; widows: 2; word-spacing: 0px; background-color: #ffffff;\"><span style=\"font-size: 12pt;\">El rambut\u00e1n org\u00e1nico tiene un sobreprecio en comparaci\u00f3n al convencional en el mercado internacional, el cual est\u00e1 demandando un producto de buena calidad.<\/span><\/p>\n<p style=\"margin: 6px 0px; font-family: Helvetica, Arial, sans-serif; color: #1d2129; font-size: 14px; font-style: normal; font-weight: 400; letter-spacing: normal; orphans: 2; text-align: justify; text-indent: 0px; text-transform: none; white-space: normal; widows: 2; word-spacing: 0px; background-color: #ffffff;\"><strong><span style=\"font-size: 12pt;\">Testimonio<\/span><\/strong><\/p>\n<p>&#8211;<img loading=\"lazy\" decoding=\"async\" src=\"images\/ISAIAS-MARTINEZ.jpg\" alt=\"\" width=\"500\" height=\"617\" \/><\/p>\n<p style=\"margin: 6px 0px; font-family: Helvetica, Arial, sans-serif; color: #1d2129; font-size: 14px; font-style: normal; font-weight: 400; letter-spacing: normal; orphans: 2; text-align: justify; text-indent: 0px; text-transform: none; white-space: normal; widows: 2; word-spacing: 0px; background-color: #ffffff;\"><span style=\"font-size: 12pt;\">\u201cEstoy muy contento, despu\u00e9s de muchos esfuerzos hemos logrado la primera exportaci\u00f3n de rambut\u00e1n org\u00e1nico a Estados Unidos, donde la fruta ha tenido buena aceptaci\u00f3n, ya que no hab\u00eda de este producto y hay muchas tiendas de supermercados que demandan producto org\u00e1nico, oportunidad que nosotros estamos aprovechando\u201d, manifest\u00f3 Jos\u00e9 Isa\u00edas Mart\u00ednez, propietario de la finca la Caridad y Procesadora Abel.<\/span><\/p>\n<p style=\"margin: 6px 0px; font-family: Helvetica, Arial, sans-serif; color: #1d2129; font-size: 14px; font-style: normal; font-weight: 400; letter-spacing: normal; orphans: 2; text-align: justify; text-indent: 0px; text-transform: none; white-space: normal; widows: 2; word-spacing: 0px; background-color: #ffffff;\"><span style=\"font-size: 12pt;\">Mart\u00ednez, quien inici\u00f3 como productor de rambut\u00e1n, y ahora form\u00f3 su propia empresa, exterioriz\u00f3 que la finca la Caridad cuenta con 9 manzanas,y en la planta laboran entre 10 a 15 personas de manera permanente.<\/span><\/p>\n<p style=\"margin: 6px 0px; font-family: Helvetica, Arial, sans-serif; color: #1d2129; font-size: 14px; font-style: normal; font-weight: 400; letter-spacing: normal; orphans: 2; text-align: justify; text-indent: 0px; text-transform: none; white-space: normal; widows: 2; word-spacing: 0px; background-color: #ffffff;\"><span style=\"font-size: 12pt;\">\u201cEstamos enviando en peque\u00f1as cantidades, cada caja anda entre 5 libras y se manda dependiendo del comprador a veces enviamos entre 300 hasta 700 cajas de 2 a 3 veces por semana, a este mercado norteamericano, y estamos luchando para poder enviar este producto tambi\u00e9n a Europa\u201d, explic\u00f3 Mart\u00ednez.<\/span><\/p>\n<p style=\"margin: 6px 0px; font-family: Helvetica, Arial, sans-serif; color: #1d2129; font-size: 14px; font-style: normal; font-weight: 400; letter-spacing: normal; orphans: 2; text-align: justify; text-indent: 0px; text-transform: none; white-space: normal; widows: 2; word-spacing: 0px; background-color: #ffffff;\"><span style=\"font-size: 12pt;\">Luis Mej\u00eda, Inspector Oficial de Agricultura Org\u00e1nica de Senasa en San Pedro Sula, dijo que \u201cestamos acompa\u00f1ando a los productores, verificando en campo la producci\u00f3n org\u00e1nica, brindamos capacitaciones e inspeccionamos en planta con el fin que el producto vaya en \u00f3ptimas condiciones al mercado internacional\u201d.<\/span><\/p>\n<p style=\"margin: 6px 0px; font-family: Helvetica, Arial, sans-serif; color: #1d2129; font-size: 14px; font-style: normal; font-weight: 400; letter-spacing: normal; orphans: 2; text-align: justify; text-indent: 0px; text-transform: none; white-space: normal; widows: 2; word-spacing: 0px; background-color: #ffffff;\"><strong><span style=\"font-size: 12pt;\">Variedades<\/span><\/strong><\/p>\n<p style=\"margin: 6px 0px; font-family: Helvetica, Arial, sans-serif; color: #1d2129; font-size: 14px; font-style: normal; font-weight: 400; letter-spacing: normal; orphans: 2; text-align: justify; text-indent: 0px; text-transform: none; white-space: normal; widows: 2; word-spacing: 0px; background-color: #ffffff;\"><span style=\"font-size: 12pt;\">Las variedades que se cultivan en esta finca son el rambut\u00e1n hawaiano, R134, R164, R152, \u201chay dos fincas certificadas, una en Santiago, Atl\u00e1ntida, y mi finca que est\u00e1 en Santa Cruz de Yojoa\u201d.<\/span><\/p>\n<p style=\"margin: 6px 0px; font-family: Helvetica, Arial, sans-serif; color: #1d2129; font-size: 14px; font-style: normal; font-weight: 400; letter-spacing: normal; orphans: 2; text-align: justify; text-indent: 0px; text-transform: none; white-space: normal; widows: 2; word-spacing: 0px; background-color: #ffffff;\"><strong><span style=\"font-size: 12pt;\">Recolecci\u00f3n de la fruta<\/span><\/strong><\/p>\n<p style=\"margin: 6px 0px; font-family: Helvetica, Arial, sans-serif; color: #1d2129; font-size: 14px; font-style: normal; font-weight: 400; letter-spacing: normal; orphans: 2; text-align: justify; text-indent: 0px; text-transform: none; white-space: normal; widows: 2; word-spacing: 0px; background-color: #ffffff;\"><span style=\"font-size: 12pt;\">La recolecci\u00f3n de la fruta se hace en horas de la ma\u00f1ana, luego esta es pesada y trasladada al \u00e1rea de despique donde se hace el proceso de corte del gajo y es seleccionada.<\/span><\/p>\n<p style=\"margin: 6px 0px; font-family: Helvetica, Arial, sans-serif; color: #1d2129; font-size: 14px; font-style: normal; font-weight: 400; letter-spacing: normal; orphans: 2; text-align: justify; text-indent: 0px; text-transform: none; white-space: normal; widows: 2; word-spacing: 0px; background-color: #ffffff;\"><span style=\"font-size: 12pt;\">Posteriormente la misma pasa al proceso de lavado 1, y lavado 2 en esta segunda con agua clorada, respetando los est\u00e1ndares establecidos, expres\u00f3, Melisa V\u00e1squez supervisora de la Planta Procesadora Abel.<\/span><\/p>\n<p style=\"margin: 6px 0px; font-family: Helvetica, Arial, sans-serif; color: #1d2129; font-size: 14px; font-style: normal; font-weight: 400; letter-spacing: normal; orphans: 2; text-align: justify; text-indent: 0px; text-transform: none; white-space: normal; widows: 2; word-spacing: 0px; background-color: #ffffff;\"><strong><span style=\"font-size: 12pt;\">Empacado<\/span><\/strong><\/p>\n<p style=\"margin: 6px 0px 0px; display: inline; font-family: Helvetica, Arial, sans-serif; color: #1d2129; font-size: 14px; font-style: normal; font-weight: 400; letter-spacing: normal; orphans: 2; text-align: justify; text-indent: 0px; text-transform: none; white-space: normal; widows: 2; word-spacing: 0px; background-color: #ffffff;\"><span style=\"font-size: 12pt;\">V\u00e1squez se\u00f1al\u00f3 que, una vez realizado el lavado la fruta pasa al proceso de empaque donde se vuelve a seleccionar con el fin de evitar insectos o plaga que afecte \u00e9l envi\u00f3, misma que va identificada como un producto org\u00e1nico.<\/span><\/p>\t\t\t\t\t\t\t\t<\/div>\n\t\t\t\t<\/div>\n\t\t\t\t\t<\/div>\n\t\t<\/div>\n\t\t\t\t\t<\/div>\n\t\t<\/section>\n\t\t\t\t<\/div>\n\t\t","protected":false},"excerpt":{"rendered":"<p>Con primera exportaci\u00f3nes: Rambut\u00e1n org\u00e1nico hondure\u00f1o se degusta en Estados Unidos &nbsp; \u2022 El rambut\u00e1n es una fruta ex\u00f3tica de aspecto piloso, debido a la c\u00e1scara cubierta de espinas y un color rojizo cuando el fruto est\u00e1 maduro. \u2022 Las zonas \u00f3ptimas para el cultivo de este producto son el Litoral Atl\u00e1ntico y Cort\u00e9s. Santa &hellip;<\/p>\n<p class=\"read-more\"> <a class=\"\" href=\"https:\/\/senasa.gob.hn\/web\/2022\/02\/14\/rambutan-organico-hondureno-se-degusta-en-estados-unidos\/\"> <span class=\"screen-reader-text\">Rambut\u00e1n org\u00e1nico hondure\u00f1o se degusta en Estados Unidos<\/span> Leer m\u00e1s &raquo;<\/a><\/p>\n","protected":false},"author":1,"featured_media":0,"comment_status":"open","ping_status":"open","sticky":false,"template":"","format":"standard","meta":{"ub_ctt_via":"","site-sidebar-layout":"default","site-content-layout":"default","ast-main-header-display":"","ast-hfb-above-header-display":"","ast-hfb-below-header-display":"","ast-hfb-mobile-header-display":"","site-post-title":"","ast-breadcrumbs-content":"","ast-featured-img":"","footer-sml-layout":"","theme-transparent-header-meta":"","adv-header-id-meta":"","stick-header-meta":"","header-above-stick-meta":"","header-main-stick-meta":"","header-below-stick-meta":"","footnotes":""},"categories":[1],"tags":[],"class_list":["post-4725","post","type-post","status-publish","format-standard","hentry","category-sin-categoria"],"featured_image_src":null,"author_info":{"display_name":"admin","author_link":"https:\/\/senasa.gob.hn\/web\/author\/admin\/"},"_links":{"self":[{"href":"https:\/\/senasa.gob.hn\/web\/wp-json\/wp\/v2\/posts\/4725","targetHints":{"allow":["GET"]}}],"collection":[{"href":"https:\/\/senasa.gob.hn\/web\/wp-json\/wp\/v2\/posts"}],"about":[{"href":"https:\/\/senasa.gob.hn\/web\/wp-json\/wp\/v2\/types\/post"}],"author":[{"embeddable":true,"href":"https:\/\/senasa.gob.hn\/web\/wp-json\/wp\/v2\/users\/1"}],"replies":[{"embeddable":true,"href":"https:\/\/senasa.gob.hn\/web\/wp-json\/wp\/v2\/comments?post=4725"}],"version-history":[{"count":4,"href":"https:\/\/senasa.gob.hn\/web\/wp-json\/wp\/v2\/posts\/4725\/revisions"}],"predecessor-version":[{"id":4729,"href":"https:\/\/senasa.gob.hn\/web\/wp-json\/wp\/v2\/posts\/4725\/revisions\/4729"}],"wp:attachment":[{"href":"https:\/\/senasa.gob.hn\/web\/wp-json\/wp\/v2\/media?parent=4725"}],"wp:term":[{"taxonomy":"category","embeddable":true,"href":"https:\/\/senasa.gob.hn\/web\/wp-json\/wp\/v2\/categories?post=4725"},{"taxonomy":"post_tag","embeddable":true,"href":"https:\/\/senasa.gob.hn\/web\/wp-json\/wp\/v2\/tags?post=4725"}],"curies":[{"name":"wp","href":"https:\/\/api.w.org\/{rel}","templated":true}]}}