{"id":4665,"date":"2022-02-14T07:52:58","date_gmt":"2022-02-14T07:52:58","guid":{"rendered":"https:\/\/senasa.gob.hn\/web\/?p=4665"},"modified":"2022-02-14T07:54:13","modified_gmt":"2022-02-14T07:54:13","slug":"productores-se-capacitan-en-uso-de-plaguicidas-y-manejo-de-plagas","status":"publish","type":"post","link":"https:\/\/senasa.gob.hn\/web\/2022\/02\/14\/productores-se-capacitan-en-uso-de-plaguicidas-y-manejo-de-plagas\/","title":{"rendered":"Productores se capacitan en uso de plaguicidas y manejo de plagas"},"content":{"rendered":"\t\t<div data-elementor-type=\"wp-post\" data-elementor-id=\"4665\" class=\"elementor elementor-4665\">\n\t\t\t\t\t\t<section class=\"elementor-section elementor-top-section elementor-element elementor-element-c6c605e elementor-section-boxed elementor-section-height-default elementor-section-height-default\" data-id=\"c6c605e\" data-element_type=\"section\" data-e-type=\"section\">\n\t\t\t\t\t\t<div class=\"elementor-container elementor-column-gap-default\">\n\t\t\t\t\t<div class=\"elementor-column elementor-col-100 elementor-top-column elementor-element elementor-element-b5ccb23\" data-id=\"b5ccb23\" data-element_type=\"column\" data-e-type=\"column\">\n\t\t\t<div class=\"elementor-widget-wrap elementor-element-populated\">\n\t\t\t\t\t\t<div class=\"elementor-element elementor-element-3627208 elementor-widget elementor-widget-text-editor\" data-id=\"3627208\" data-element_type=\"widget\" data-e-type=\"widget\" data-widget_type=\"text-editor.default\">\n\t\t\t\t<div class=\"elementor-widget-container\">\n\t\t\t\t\t\t\t\t\t<p><img fetchpriority=\"high\" decoding=\"async\" src=\"images\/Capacitacion-orientales-2.jpg\" alt=\"\" width=\"449\" height=\"196\" \/><\/p>\n<p><strong>Productores se capacitan en uso de plaguicidas y manejo de plagas<\/strong><\/p>\n<hr id=\"system-readmore\" \/>\n<p><strong>Comayagua.- <\/strong>Con el fin de inculcar e implementar las buenas pr\u00e1cticas agr\u00edcolas en la producci\u00f3n el Servicio Nacional de Sanidad e Inocuidad Agroalimentaria (Senasa) de la Secretar\u00eda de Agricultura y Ganader\u00eda (SAG), capacita a productores de vegetales orientales del Valle de Comayagua sobre manejo integrado de plagas y uso seguro de plaguicidas.<\/p>\n<p>La actividad es realizada por oficiales fitosanitarios del Departamento de Diagnostico&nbsp; Vigilancia y Campa\u00f1as Fitosanitarias de la instituci\u00f3n, quienes realizan semanalmente 3 jornadas de capacitaci\u00f3n con el prop\u00f3sito de minimizar la incidencia de plagas y asegurar el uso racional de los productos agroqu\u00edmicos en las \u00e1reas de producci\u00f3n<\/p>\n<p>\u201cEstamos capacitando de manera permanente a nuestros productores y exportadores sobre temas de inter\u00e9s nacional en materia de producci\u00f3n de orientales, as\u00ed como en la prevenci\u00f3n y control de plagas con el objetivo de mejorar sus cultivos\u201d, expres\u00f3 Diana Mart\u00ednez, jefe del Departamento de Diagnostico.<\/p>\n<p>Las buenas pr\u00e1cticas agr\u00edcolas &nbsp;son fundamentales que sean aplicadas por los productores con esto evitaran rechazos, plagas y por ende p\u00e9rdidas econ\u00f3micas en la zona, donde se concentra la mayor producci\u00f3n de orientales tanto para el consumo nacional como para el mercado externo, a\u00f1adi\u00f3 Mart\u00ednez. &nbsp;<\/p>\n<p>Las buenas pr\u00e1cticas agr\u00edcolas son un conjunto de condiciones necesarias para asegurar a los consumidores un producto alimenticio m\u00e1s sano y seguro (inocuo), al reducir o minimizar los riesgos de contaminaci\u00f3n, f\u00edsica, qu\u00edmica y microbiol\u00f3gica de los alimentos durante toda la cadena productiva.<\/p>\n<p>&nbsp;Asimismo, las BPA consideran pr\u00e1cticas destinadas a la protecci\u00f3n del ambiente, la salud y condiciones laborales de los trabajadores que participen en la obtenci\u00f3n de los productos alimenticios.<\/p>\t\t\t\t\t\t\t\t<\/div>\n\t\t\t\t<\/div>\n\t\t\t\t\t<\/div>\n\t\t<\/div>\n\t\t\t\t\t<\/div>\n\t\t<\/section>\n\t\t\t\t<\/div>\n\t\t","protected":false},"excerpt":{"rendered":"<p>Productores se capacitan en uso de plaguicidas y manejo de plagas Comayagua.- Con el fin de inculcar e implementar las buenas pr\u00e1cticas agr\u00edcolas en la producci\u00f3n el Servicio Nacional de Sanidad e Inocuidad Agroalimentaria (Senasa) de la Secretar\u00eda de Agricultura y Ganader\u00eda (SAG), capacita a productores de vegetales orientales del Valle de Comayagua sobre manejo &hellip;<\/p>\n<p class=\"read-more\"> <a class=\"\" href=\"https:\/\/senasa.gob.hn\/web\/2022\/02\/14\/productores-se-capacitan-en-uso-de-plaguicidas-y-manejo-de-plagas\/\"> <span class=\"screen-reader-text\">Productores se capacitan en uso de plaguicidas y manejo de plagas<\/span> Leer m\u00e1s &raquo;<\/a><\/p>\n","protected":false},"author":1,"featured_media":0,"comment_status":"open","ping_status":"open","sticky":false,"template":"","format":"standard","meta":{"ub_ctt_via":"","site-sidebar-layout":"default","site-content-layout":"default","ast-main-header-display":"","ast-hfb-above-header-display":"","ast-hfb-below-header-display":"","ast-hfb-mobile-header-display":"","site-post-title":"","ast-breadcrumbs-content":"","ast-featured-img":"","footer-sml-layout":"","theme-transparent-header-meta":"","adv-header-id-meta":"","stick-header-meta":"","header-above-stick-meta":"","header-main-stick-meta":"","header-below-stick-meta":"","footnotes":""},"categories":[1],"tags":[],"class_list":["post-4665","post","type-post","status-publish","format-standard","hentry","category-sin-categoria"],"featured_image_src":null,"author_info":{"display_name":"admin","author_link":"https:\/\/senasa.gob.hn\/web\/author\/admin\/"},"_links":{"self":[{"href":"https:\/\/senasa.gob.hn\/web\/wp-json\/wp\/v2\/posts\/4665","targetHints":{"allow":["GET"]}}],"collection":[{"href":"https:\/\/senasa.gob.hn\/web\/wp-json\/wp\/v2\/posts"}],"about":[{"href":"https:\/\/senasa.gob.hn\/web\/wp-json\/wp\/v2\/types\/post"}],"author":[{"embeddable":true,"href":"https:\/\/senasa.gob.hn\/web\/wp-json\/wp\/v2\/users\/1"}],"replies":[{"embeddable":true,"href":"https:\/\/senasa.gob.hn\/web\/wp-json\/wp\/v2\/comments?post=4665"}],"version-history":[{"count":4,"href":"https:\/\/senasa.gob.hn\/web\/wp-json\/wp\/v2\/posts\/4665\/revisions"}],"predecessor-version":[{"id":4669,"href":"https:\/\/senasa.gob.hn\/web\/wp-json\/wp\/v2\/posts\/4665\/revisions\/4669"}],"wp:attachment":[{"href":"https:\/\/senasa.gob.hn\/web\/wp-json\/wp\/v2\/media?parent=4665"}],"wp:term":[{"taxonomy":"category","embeddable":true,"href":"https:\/\/senasa.gob.hn\/web\/wp-json\/wp\/v2\/categories?post=4665"},{"taxonomy":"post_tag","embeddable":true,"href":"https:\/\/senasa.gob.hn\/web\/wp-json\/wp\/v2\/tags?post=4665"}],"curies":[{"name":"wp","href":"https:\/\/api.w.org\/{rel}","templated":true}]}}