{"id":4645,"date":"2022-02-14T07:41:17","date_gmt":"2022-02-14T07:41:17","guid":{"rendered":"https:\/\/senasa.gob.hn\/web\/?p=4645"},"modified":"2022-02-14T07:42:49","modified_gmt":"2022-02-14T07:42:49","slug":"productores-de-francisco-morazan-son-capacitados-sobre-poda-en-citricos","status":"publish","type":"post","link":"https:\/\/senasa.gob.hn\/web\/2022\/02\/14\/productores-de-francisco-morazan-son-capacitados-sobre-poda-en-citricos\/","title":{"rendered":"Productores de Francisco Moraz\u00e1n son capacitados sobre poda en c\u00edtricos"},"content":{"rendered":"\t\t<div data-elementor-type=\"wp-post\" data-elementor-id=\"4645\" class=\"elementor elementor-4645\">\n\t\t\t\t\t\t<section class=\"elementor-section elementor-top-section elementor-element elementor-element-a02a1a7 elementor-section-boxed elementor-section-height-default elementor-section-height-default\" data-id=\"a02a1a7\" data-element_type=\"section\" data-e-type=\"section\">\n\t\t\t\t\t\t<div class=\"elementor-container elementor-column-gap-default\">\n\t\t\t\t\t<div class=\"elementor-column elementor-col-100 elementor-top-column elementor-element elementor-element-7a78fe3\" data-id=\"7a78fe3\" data-element_type=\"column\" data-e-type=\"column\">\n\t\t\t<div class=\"elementor-widget-wrap elementor-element-populated\">\n\t\t\t\t\t\t<div class=\"elementor-element elementor-element-d4bb2c1 elementor-widget elementor-widget-text-editor\" data-id=\"d4bb2c1\" data-element_type=\"widget\" data-e-type=\"widget\" data-widget_type=\"text-editor.default\">\n\t\t\t\t<div class=\"elementor-widget-container\">\n\t\t\t\t\t\t\t\t\t<p><img fetchpriority=\"high\" decoding=\"async\" src=\"images\/HLB_FRANCISCO_5.jpg\" alt=\"\" width=\"324\" height=\"221\" \/><\/p>\n<p><strong>Productores de Francisco Moraz\u00e1n son capacitados sobre poda en c\u00edtricos<\/strong><\/p>\n<hr id=\"system-readmore\" \/>\n<p>Productores de la Asociaci\u00f3n de Citricultores de Francisco Moraz\u00e1n (ACIFAM) de la aldea Mata de Pl\u00e1tano de Francisco Moraz\u00e1n, fueron capacitados en principios fundamentales de la poda en c\u00edtricos, por parte de Oficiales Fitosanitarios del Servicio Nacional de Sanidad e Inocuidad Agroalimentaria (SENASA) adscrita a la Secretar\u00eda de Agricultura y Ganader\u00eda (SAG.)<\/p>\n<p style=\"text-align: justify;\">&#8220;Estamos dando seguimiento al apoyo t\u00e9cnico que se brinda en esta zona en Buenas Pr\u00e1cticas Agr\u00edcolas, (BPA) a m\u00e1s de mil productores, que se han visto afectados por un complejo de insectos y hongos que da\u00f1an el sistema radicular de la planta as\u00ed como la afectaci\u00f3n del fruto&#8221; dijo Samy C\u00e1ceres Oficial Fitosanitario del Departamento de Diagn\u00f3stico Vigilancia y Campa\u00f1a Fitosanitarias SENASA.<\/p>\n<p><img decoding=\"async\" src=\"images\/ING_BANNER.jpg\" alt=\"\" width=\"321\" height=\"205\" \/><\/p>\n<p style=\"text-align: justify;\">Se\u00f1al\u00f3 que, anteriormente autoridades de SENASA, de la Direcci\u00f3n de Ciencia y Tecnolog\u00eda (DICTA) y del Organismo Internacional Regional de Sanidad Agropecuaria (OIRSA) se apersonaron para orientar a los productores sobre Uso y Manejo Seguro de plaguicidas.<\/p>\n<p style=\"text-align: justify;\">Recientemente, tambi\u00e9n fueron capacitados sobre control cultural de botritis, que consiste en la recolecci\u00f3n de frutos ca\u00eddos, apertura de agujero en el suelo y formar una especie de emparedado, con una capa de cal, otra de fruta y nuevamente cal, para proceder a cerrar el mismo, con esta pr\u00e1ctica se evita la contaminaci\u00f3n de frutos, explic\u00f3 C\u00e1ceres.<\/p>\n<p style=\"text-align: justify;\">La charla explicativa fue realizada en el Centro Comunal de la zona y estuvo a cargo de Claudio Wagner, Oficial Fitosanitario de SENASA, quien explic\u00f3 que se puede realizar la poda para formaci\u00f3n y la otra para saneamiento y producci\u00f3n.<\/p>\n<p><img decoding=\"async\" src=\"images\/HLB_FRANCISCO_MORAZAN.jpg\" alt=\"\" width=\"321\" height=\"208\" \/><\/p>\t\t\t\t\t\t\t\t<\/div>\n\t\t\t\t<\/div>\n\t\t\t\t\t<\/div>\n\t\t<\/div>\n\t\t\t\t\t<\/div>\n\t\t<\/section>\n\t\t\t\t<\/div>\n\t\t","protected":false},"excerpt":{"rendered":"<p>Productores de Francisco Moraz\u00e1n son capacitados sobre poda en c\u00edtricos Productores de la Asociaci\u00f3n de Citricultores de Francisco Moraz\u00e1n (ACIFAM) de la aldea Mata de Pl\u00e1tano de Francisco Moraz\u00e1n, fueron capacitados en principios fundamentales de la poda en c\u00edtricos, por parte de Oficiales Fitosanitarios del Servicio Nacional de Sanidad e Inocuidad Agroalimentaria (SENASA) adscrita a &hellip;<\/p>\n<p class=\"read-more\"> <a class=\"\" href=\"https:\/\/senasa.gob.hn\/web\/2022\/02\/14\/productores-de-francisco-morazan-son-capacitados-sobre-poda-en-citricos\/\"> <span class=\"screen-reader-text\">Productores de Francisco Moraz\u00e1n son capacitados sobre poda en c\u00edtricos<\/span> Leer m\u00e1s &raquo;<\/a><\/p>\n","protected":false},"author":1,"featured_media":0,"comment_status":"open","ping_status":"open","sticky":false,"template":"","format":"standard","meta":{"ub_ctt_via":"","site-sidebar-layout":"default","site-content-layout":"default","ast-main-header-display":"","ast-hfb-above-header-display":"","ast-hfb-below-header-display":"","ast-hfb-mobile-header-display":"","site-post-title":"","ast-breadcrumbs-content":"","ast-featured-img":"","footer-sml-layout":"","theme-transparent-header-meta":"","adv-header-id-meta":"","stick-header-meta":"","header-above-stick-meta":"","header-main-stick-meta":"","header-below-stick-meta":"","footnotes":""},"categories":[1],"tags":[],"class_list":["post-4645","post","type-post","status-publish","format-standard","hentry","category-sin-categoria"],"featured_image_src":null,"author_info":{"display_name":"admin","author_link":"https:\/\/senasa.gob.hn\/web\/author\/admin\/"},"_links":{"self":[{"href":"https:\/\/senasa.gob.hn\/web\/wp-json\/wp\/v2\/posts\/4645","targetHints":{"allow":["GET"]}}],"collection":[{"href":"https:\/\/senasa.gob.hn\/web\/wp-json\/wp\/v2\/posts"}],"about":[{"href":"https:\/\/senasa.gob.hn\/web\/wp-json\/wp\/v2\/types\/post"}],"author":[{"embeddable":true,"href":"https:\/\/senasa.gob.hn\/web\/wp-json\/wp\/v2\/users\/1"}],"replies":[{"embeddable":true,"href":"https:\/\/senasa.gob.hn\/web\/wp-json\/wp\/v2\/comments?post=4645"}],"version-history":[{"count":4,"href":"https:\/\/senasa.gob.hn\/web\/wp-json\/wp\/v2\/posts\/4645\/revisions"}],"predecessor-version":[{"id":4649,"href":"https:\/\/senasa.gob.hn\/web\/wp-json\/wp\/v2\/posts\/4645\/revisions\/4649"}],"wp:attachment":[{"href":"https:\/\/senasa.gob.hn\/web\/wp-json\/wp\/v2\/media?parent=4645"}],"wp:term":[{"taxonomy":"category","embeddable":true,"href":"https:\/\/senasa.gob.hn\/web\/wp-json\/wp\/v2\/categories?post=4645"},{"taxonomy":"post_tag","embeddable":true,"href":"https:\/\/senasa.gob.hn\/web\/wp-json\/wp\/v2\/tags?post=4645"}],"curies":[{"name":"wp","href":"https:\/\/api.w.org\/{rel}","templated":true}]}}