{"id":4555,"date":"2022-02-14T06:49:27","date_gmt":"2022-02-14T06:49:27","guid":{"rendered":"https:\/\/senasa.gob.hn\/web\/?p=4555"},"modified":"2022-02-14T06:50:45","modified_gmt":"2022-02-14T06:50:45","slug":"personal-de-regional-sps-es-capacitado-sobre-mision-y-vision","status":"publish","type":"post","link":"https:\/\/senasa.gob.hn\/web\/2022\/02\/14\/personal-de-regional-sps-es-capacitado-sobre-mision-y-vision\/","title":{"rendered":"Personal de Regional SPS es capacitado sobre misi\u00f3n y visi\u00f3n"},"content":{"rendered":"\t\t<div data-elementor-type=\"wp-post\" data-elementor-id=\"4555\" class=\"elementor elementor-4555\">\n\t\t\t\t\t\t<section class=\"elementor-section elementor-top-section elementor-element elementor-element-a50eae5 elementor-section-boxed elementor-section-height-default elementor-section-height-default\" data-id=\"a50eae5\" data-element_type=\"section\" data-e-type=\"section\">\n\t\t\t\t\t\t<div class=\"elementor-container elementor-column-gap-default\">\n\t\t\t\t\t<div class=\"elementor-column elementor-col-100 elementor-top-column elementor-element elementor-element-dfa7449\" data-id=\"dfa7449\" data-element_type=\"column\" data-e-type=\"column\">\n\t\t\t<div class=\"elementor-widget-wrap elementor-element-populated\">\n\t\t\t\t\t\t<div class=\"elementor-element elementor-element-777f001 elementor-widget elementor-widget-text-editor\" data-id=\"777f001\" data-element_type=\"widget\" data-e-type=\"widget\" data-widget_type=\"text-editor.default\">\n\t\t\t\t<div class=\"elementor-widget-container\">\n\t\t\t\t\t\t\t\t\t<p><img fetchpriority=\"high\" decoding=\"async\" src=\"images\/66330929_2326865730867631_8283581639997521920_n.jpg\" alt=\"\" width=\"417\" height=\"312\" \/><\/p>\n<p><strong>Personal de Regional SPS es capacitado sobre misi\u00f3n y visi\u00f3n<\/strong><\/p>\n<hr id=\"system-readmore\" \/>\n<p style=\"text-align: justify;\"><strong>San Pedro Sula.- Cortes.<\/strong> Personal t\u00e9cnico, administrativo, y de atenci\u00f3n al usuario de la Regional del Servicio Nacional de Sanidad e Inocuidad Agroalimentaria (SENASA) adscrita a la Secretar\u00eda de Agricultura y Ganader\u00eda (SAG) fueron empoderados con la Visi\u00f3n y Misi\u00f3n de la Instituci\u00f3n en la cual laboran, para dar un servicio con sello de excelencia.<\/p>\n<p style=\"text-align: justify;\">&#8220;Creemos que este tipo de capacitaciones nos vienen a fortalecer a\u00fan m\u00e1s en la prestaci\u00f3n de nuestros servicios, pues\u00a0<br \/> nuestro objetivo es agilizar los procesos y tr\u00e1mites que vienen a realizar los usuarios ya sea para registro y renovaci\u00f3n de los productos agr\u00edcolas y pecuarios, y debemos hacerlo con eficiencia con la mejor actitud &#8220;, dijo Gustavo Fuentes, Jefe Regional de SENASA.<\/p>\n<p style=\"text-align: justify;\">Manifest\u00f3, que la zona norte es un motor importante para la agricultura, en donde hay cultivos permanentes de ca\u00f1a de az\u00facar, pl\u00e1tano, arroz y banano, as\u00ed como caf\u00e9, hortalizas, ganado entre otros y donde atienden a buena cantidad de productores que necesitan los servicios de la instituci\u00f3n.<\/p>\n<p style=\"text-align: justify;\">La capacitaci\u00f3n fue impartida por personal del Departamento de Comunicaciones de SENASA, quienes aprovecharon el espacio para motivar a los empleados que trabajan en las diferentes \u00e1reas de Salud Animal, Sanidad Vegetal, Inocuidad, y Centro de Tr\u00e1mite de Exportaci\u00f3n CENTREX.<\/p>\n<p style=\"text-align: justify;\">\u00a0<\/p>\t\t\t\t\t\t\t\t<\/div>\n\t\t\t\t<\/div>\n\t\t\t\t\t<\/div>\n\t\t<\/div>\n\t\t\t\t\t<\/div>\n\t\t<\/section>\n\t\t\t\t<\/div>\n\t\t","protected":false},"excerpt":{"rendered":"<p>Personal de Regional SPS es capacitado sobre misi\u00f3n y visi\u00f3n San Pedro Sula.- Cortes. Personal t\u00e9cnico, administrativo, y de atenci\u00f3n al usuario de la Regional del Servicio Nacional de Sanidad e Inocuidad Agroalimentaria (SENASA) adscrita a la Secretar\u00eda de Agricultura y Ganader\u00eda (SAG) fueron empoderados con la Visi\u00f3n y Misi\u00f3n de la Instituci\u00f3n en la &hellip;<\/p>\n<p class=\"read-more\"> <a class=\"\" href=\"https:\/\/senasa.gob.hn\/web\/2022\/02\/14\/personal-de-regional-sps-es-capacitado-sobre-mision-y-vision\/\"> <span class=\"screen-reader-text\">Personal de Regional SPS es capacitado sobre misi\u00f3n y visi\u00f3n<\/span> Leer m\u00e1s &raquo;<\/a><\/p>\n","protected":false},"author":1,"featured_media":0,"comment_status":"open","ping_status":"open","sticky":false,"template":"","format":"standard","meta":{"ub_ctt_via":"","site-sidebar-layout":"default","site-content-layout":"default","ast-main-header-display":"","ast-hfb-above-header-display":"","ast-hfb-below-header-display":"","ast-hfb-mobile-header-display":"","site-post-title":"","ast-breadcrumbs-content":"","ast-featured-img":"","footer-sml-layout":"","theme-transparent-header-meta":"","adv-header-id-meta":"","stick-header-meta":"","header-above-stick-meta":"","header-main-stick-meta":"","header-below-stick-meta":"","footnotes":""},"categories":[1],"tags":[],"class_list":["post-4555","post","type-post","status-publish","format-standard","hentry","category-sin-categoria"],"featured_image_src":null,"author_info":{"display_name":"admin","author_link":"https:\/\/senasa.gob.hn\/web\/author\/admin\/"},"_links":{"self":[{"href":"https:\/\/senasa.gob.hn\/web\/wp-json\/wp\/v2\/posts\/4555","targetHints":{"allow":["GET"]}}],"collection":[{"href":"https:\/\/senasa.gob.hn\/web\/wp-json\/wp\/v2\/posts"}],"about":[{"href":"https:\/\/senasa.gob.hn\/web\/wp-json\/wp\/v2\/types\/post"}],"author":[{"embeddable":true,"href":"https:\/\/senasa.gob.hn\/web\/wp-json\/wp\/v2\/users\/1"}],"replies":[{"embeddable":true,"href":"https:\/\/senasa.gob.hn\/web\/wp-json\/wp\/v2\/comments?post=4555"}],"version-history":[{"count":4,"href":"https:\/\/senasa.gob.hn\/web\/wp-json\/wp\/v2\/posts\/4555\/revisions"}],"predecessor-version":[{"id":4559,"href":"https:\/\/senasa.gob.hn\/web\/wp-json\/wp\/v2\/posts\/4555\/revisions\/4559"}],"wp:attachment":[{"href":"https:\/\/senasa.gob.hn\/web\/wp-json\/wp\/v2\/media?parent=4555"}],"wp:term":[{"taxonomy":"category","embeddable":true,"href":"https:\/\/senasa.gob.hn\/web\/wp-json\/wp\/v2\/categories?post=4555"},{"taxonomy":"post_tag","embeddable":true,"href":"https:\/\/senasa.gob.hn\/web\/wp-json\/wp\/v2\/tags?post=4555"}],"curies":[{"name":"wp","href":"https:\/\/api.w.org\/{rel}","templated":true}]}}