{"id":4425,"date":"2022-02-14T05:34:27","date_gmt":"2022-02-14T05:34:27","guid":{"rendered":"https:\/\/senasa.gob.hn\/web\/?p=4425"},"modified":"2022-02-14T05:35:46","modified_gmt":"2022-02-14T05:35:46","slug":"mexico-reapertura-el-mercado-al-camaron-hondureno","status":"publish","type":"post","link":"https:\/\/senasa.gob.hn\/web\/2022\/02\/14\/mexico-reapertura-el-mercado-al-camaron-hondureno\/","title":{"rendered":"M\u00e9xico reapertura el mercado al camar\u00f3n hondure\u00f1o"},"content":{"rendered":"\t\t<div data-elementor-type=\"wp-post\" data-elementor-id=\"4425\" class=\"elementor elementor-4425\">\n\t\t\t\t\t\t<section class=\"elementor-section elementor-top-section elementor-element elementor-element-d34a36c elementor-section-boxed elementor-section-height-default elementor-section-height-default\" data-id=\"d34a36c\" data-element_type=\"section\" data-e-type=\"section\">\n\t\t\t\t\t\t<div class=\"elementor-container elementor-column-gap-default\">\n\t\t\t\t\t<div class=\"elementor-column elementor-col-100 elementor-top-column elementor-element elementor-element-6da81d4\" data-id=\"6da81d4\" data-element_type=\"column\" data-e-type=\"column\">\n\t\t\t<div class=\"elementor-widget-wrap elementor-element-populated\">\n\t\t\t\t\t\t<div class=\"elementor-element elementor-element-f835948 elementor-widget elementor-widget-text-editor\" data-id=\"f835948\" data-element_type=\"widget\" data-e-type=\"widget\" data-widget_type=\"text-editor.default\">\n\t\t\t\t<div class=\"elementor-widget-container\">\n\t\t\t\t\t\t\t\t\t<p><strong>M\u00e9xico reapertura el mercado al camar\u00f3n hondure\u00f1o<\/strong><\/p>\n<p><img fetchpriority=\"high\" decoding=\"async\" src=\"images\/CAMARON-MEXICO.jpg\" alt=\"\" width=\"482\" height=\"321\" \/><\/p>\n<hr id=\"system-readmore\" \/>\n<p style=\"text-align: justify;\">El director general del Servicio Nacional&nbsp;de&nbsp;Sanidad e Inocuidad Agroalimentaria&nbsp;<a href=\"https:\/\/www.facebook.com\/hashtag\/senasa?source=feed_text&amp;__xts__%5B0%5D=68.ARCgCgzwUk1afY8CzxzvLkDVQ7javwfP6mo1yXmCAYqAQN9Fau8yeO0ipMPC21feQLM_cNT4ZcRu2L0358FHi1fkDoMHdxwI7DX-s-kgXITYAJcepRzSir0vplSSMltfa9h1kSeDFeWx1a840L-2YUuCDTR-cWhXpdg2eaWNF8WgQ5lVDbD-e5pRiVoKIbFP-6QIHEOd-CfmHYVVKkNCj0h7g4wA9V6Fgm7TE6UOnIwJmW0CAzsSb3fBOoUczzkkNbBuP5GZLFlffaoKZ446BoJexjCu5ky7h5Wk3C9HtjdGjGC8YrhF5VYOkdP_6bNeiNa6&amp;__tn__=%2ANK-R\" data-ft=\"{&quot;type&quot;:104,&quot;tn&quot;:&quot;*N&quot;}\"><span aria-label=\"hashtag\">Senasa<\/span><\/a>, adscrita a la&nbsp;Secretar\u00eda de Agricultura y Ganader\u00eda&nbsp;(<a href=\"https:\/\/www.facebook.com\/hashtag\/sag?source=feed_text&amp;__xts__%5B0%5D=68.ARCgCgzwUk1afY8CzxzvLkDVQ7javwfP6mo1yXmCAYqAQN9Fau8yeO0ipMPC21feQLM_cNT4ZcRu2L0358FHi1fkDoMHdxwI7DX-s-kgXITYAJcepRzSir0vplSSMltfa9h1kSeDFeWx1a840L-2YUuCDTR-cWhXpdg2eaWNF8WgQ5lVDbD-e5pRiVoKIbFP-6QIHEOd-CfmHYVVKkNCj0h7g4wA9V6Fgm7TE6UOnIwJmW0CAzsSb3fBOoUczzkkNbBuP5GZLFlffaoKZ446BoJexjCu5ky7h5Wk3C9HtjdGjGC8YrhF5VYOkdP_6bNeiNa6&amp;__tn__=%2ANK-R\">SAG<\/a>), Ricardo Paz, confirm\u00f3 que hoy la reapertura de las exportaci\u00f3n del&nbsp;<a href=\"https:\/\/www.facebook.com\/hashtag\/camar%C3%B3n?source=feed_text&amp;__xts__%5B0%5D=68.ARCgCgzwUk1afY8CzxzvLkDVQ7javwfP6mo1yXmCAYqAQN9Fau8yeO0ipMPC21feQLM_cNT4ZcRu2L0358FHi1fkDoMHdxwI7DX-s-kgXITYAJcepRzSir0vplSSMltfa9h1kSeDFeWx1a840L-2YUuCDTR-cWhXpdg2eaWNF8WgQ5lVDbD-e5pRiVoKIbFP-6QIHEOd-CfmHYVVKkNCj0h7g4wA9V6Fgm7TE6UOnIwJmW0CAzsSb3fBOoUczzkkNbBuP5GZLFlffaoKZ446BoJexjCu5ky7h5Wk3C9HtjdGjGC8YrhF5VYOkdP_6bNeiNa6&amp;__tn__=%2ANK-R\" data-ft=\"{&quot;type&quot;:104,&quot;tn&quot;:&quot;*N&quot;}\"><span aria-label=\"hashtag\">camar\u00f3n<\/span><\/a>&nbsp;hondure\u00f1o hacia&nbsp;<a href=\"https:\/\/www.facebook.com\/hashtag\/m%C3%A9xico?source=feed_text&amp;__xts__%5B0%5D=68.ARCgCgzwUk1afY8CzxzvLkDVQ7javwfP6mo1yXmCAYqAQN9Fau8yeO0ipMPC21feQLM_cNT4ZcRu2L0358FHi1fkDoMHdxwI7DX-s-kgXITYAJcepRzSir0vplSSMltfa9h1kSeDFeWx1a840L-2YUuCDTR-cWhXpdg2eaWNF8WgQ5lVDbD-e5pRiVoKIbFP-6QIHEOd-CfmHYVVKkNCj0h7g4wA9V6Fgm7TE6UOnIwJmW0CAzsSb3fBOoUczzkkNbBuP5GZLFlffaoKZ446BoJexjCu5ky7h5Wk3C9HtjdGjGC8YrhF5VYOkdP_6bNeiNa6&amp;__tn__=%2ANK-R\" data-ft=\"{&quot;type&quot;:104,&quot;tn&quot;:&quot;*N&quot;}\"><span aria-label=\"hashtag\">M\u00e9xico<\/span><\/a>.<\/p>\n<p style=\"text-align: justify;\">Esto como producto del trabajo en equipo con las Instituciones involucradas&nbsp;y&nbsp;de&nbsp;la visita oficial que realiz\u00f3 el titular&nbsp;de&nbsp;la&nbsp;SAG&nbsp;Mauricio Guevara ha dicho pa\u00eds.<\/p>\n<p style=\"text-align: justify;\">\u201cNos sentimos satisfechos de&nbsp;recuperar un mercado que hist\u00f3ricamente ha sido uno&nbsp;de&nbsp;nuestros mejores compradores, ya que desde el 2017 se hab\u00eda cerrado, pero gracias a que el Senasa actu\u00f3&nbsp;de&nbsp;manera \u00e1gil para desvirtuar las dudas que el gobierno mexicano ten\u00eda&nbsp;de&nbsp;la calidad sanitaria&nbsp;de nuestros producto, hoy volvemos a tener este mercado, beneficiando a varios productores&nbsp;de&nbsp;camar\u00f3n&nbsp;de&nbsp;la zona sur quienes tuvieron fuertes p\u00e9rdidas econ\u00f3micas en este per\u00edodo\u201d, expres\u00f3 Paz.<\/p>\n<p style=\"text-align: justify;\"><strong>Visita Mauricio Guevara a M\u00e9xico<\/strong><\/p>\n<p style=\"text-align: justify;\">Mauricio Guevara Secretario&nbsp;de&nbsp;la&nbsp;SAG, se reuni\u00f3 el pasado jueves 8 del corriente con V\u00edctor Villalobos actual titular&nbsp;de&nbsp;la Secretar\u00eda&nbsp;de&nbsp;Agricultura, Ganader\u00eda, Desarrollo Rural, Pesca, Alimentaci\u00f3n (SAGARPA)&nbsp;en M\u00e9xico, donde abord\u00f3 la situaci\u00f3n del desbloqueo del camar\u00f3n a ese pa\u00eds entre otros temas.<\/p>\n<p style=\"text-align: justify;\">\u201cNos sentimos contentos con los resultados&nbsp;de&nbsp;la visita a M\u00e9xico&nbsp;y&nbsp;con las gestiones que las autoridades del&nbsp;<a href=\"https:\/\/www.facebook.com\/hashtag\/sagarpa?source=feed_text&amp;__xts__%5B0%5D=68.ARCgCgzwUk1afY8CzxzvLkDVQ7javwfP6mo1yXmCAYqAQN9Fau8yeO0ipMPC21feQLM_cNT4ZcRu2L0358FHi1fkDoMHdxwI7DX-s-kgXITYAJcepRzSir0vplSSMltfa9h1kSeDFeWx1a840L-2YUuCDTR-cWhXpdg2eaWNF8WgQ5lVDbD-e5pRiVoKIbFP-6QIHEOd-CfmHYVVKkNCj0h7g4wA9V6Fgm7TE6UOnIwJmW0CAzsSb3fBOoUczzkkNbBuP5GZLFlffaoKZ446BoJexjCu5ky7h5Wk3C9HtjdGjGC8YrhF5VYOkdP_6bNeiNa6&amp;__tn__=%2ANK-R\" data-ft=\"{&quot;type&quot;:104,&quot;tn&quot;:&quot;*N&quot;}\"><span aria-label=\"hashtag\">SAGARPA<\/span><\/a>&nbsp;han realizado a &nbsp;en la agilizaci\u00f3n y &nbsp;apertura del mercado para el camar\u00f3n hondure\u00f1o antes&nbsp;dela fecha prevista\u201d. Apunt\u00f3 Guevara.<\/p>\n<p style=\"text-align: justify;\">Con la reapertura&nbsp;de&nbsp;camar\u00f3n al mercado mexicano, habr\u00e1 un incremento&nbsp;de&nbsp;50 millones&nbsp;de&nbsp;d\u00f3lares en divisas, esperando siga el flujo continuo&nbsp;de&nbsp;exportaciones para apoyar a los sectores productivos del pa\u00eds.<\/p>\n<p style=\"text-align: justify;\">La reapertura&nbsp;de&nbsp;camar\u00f3n al mercado mexicano es un trabajo en conjunto de&nbsp;la&nbsp;SAG\/SENASA, la Secretar\u00eda&nbsp;de&nbsp;Desarrollo Econ\u00f3mico, El Sector Privado&nbsp;y&nbsp;el apoyo&nbsp;de&nbsp;Alden Rivera Embajador&nbsp;de&nbsp;<a href=\"https:\/\/www.facebook.com\/hashtag\/honduras?source=feed_text&amp;__xts__%5B0%5D=68.ARCgCgzwUk1afY8CzxzvLkDVQ7javwfP6mo1yXmCAYqAQN9Fau8yeO0ipMPC21feQLM_cNT4ZcRu2L0358FHi1fkDoMHdxwI7DX-s-kgXITYAJcepRzSir0vplSSMltfa9h1kSeDFeWx1a840L-2YUuCDTR-cWhXpdg2eaWNF8WgQ5lVDbD-e5pRiVoKIbFP-6QIHEOd-CfmHYVVKkNCj0h7g4wA9V6Fgm7TE6UOnIwJmW0CAzsSb3fBOoUczzkkNbBuP5GZLFlffaoKZ446BoJexjCu5ky7h5Wk3C9HtjdGjGC8YrhF5VYOkdP_6bNeiNa6&amp;__tn__=%2ANK-R\" data-ft=\"{&quot;type&quot;:104,&quot;tn&quot;:&quot;*N&quot;}\"><span aria-label=\"hashtag\">Honduras<\/span><\/a>&nbsp;en M\u00e9xico.<\/p>\n<p style=\"text-align: justify;\"><strong>Datos&nbsp;<\/strong><br \/> En octubre del 2017 M\u00e9xico cerr\u00f3 el mercado para el camar\u00f3n debido a especulaciones&nbsp;de&nbsp;la presencia del virus&nbsp;de&nbsp;la Cabeza Amarilla en las producciones de este rubro, siendo contradictorio en los incrementos en la productividad que el sector tiene.<\/p>\n<p style=\"text-align: justify;\">&nbsp;<\/p>\t\t\t\t\t\t\t\t<\/div>\n\t\t\t\t<\/div>\n\t\t\t\t\t<\/div>\n\t\t<\/div>\n\t\t\t\t\t<\/div>\n\t\t<\/section>\n\t\t\t\t<\/div>\n\t\t","protected":false},"excerpt":{"rendered":"<p>M\u00e9xico reapertura el mercado al camar\u00f3n hondure\u00f1o El director general del Servicio Nacional&nbsp;de&nbsp;Sanidad e Inocuidad Agroalimentaria&nbsp;Senasa, adscrita a la&nbsp;Secretar\u00eda de Agricultura y Ganader\u00eda&nbsp;(SAG), Ricardo Paz, confirm\u00f3 que hoy la reapertura de las exportaci\u00f3n del&nbsp;camar\u00f3n&nbsp;hondure\u00f1o hacia&nbsp;M\u00e9xico. Esto como producto del trabajo en equipo con las Instituciones involucradas&nbsp;y&nbsp;de&nbsp;la visita oficial que realiz\u00f3 el titular&nbsp;de&nbsp;la&nbsp;SAG&nbsp;Mauricio Guevara ha dicho &hellip;<\/p>\n<p class=\"read-more\"> <a class=\"\" href=\"https:\/\/senasa.gob.hn\/web\/2022\/02\/14\/mexico-reapertura-el-mercado-al-camaron-hondureno\/\"> <span class=\"screen-reader-text\">M\u00e9xico reapertura el mercado al camar\u00f3n hondure\u00f1o<\/span> Leer m\u00e1s &raquo;<\/a><\/p>\n","protected":false},"author":1,"featured_media":0,"comment_status":"open","ping_status":"open","sticky":false,"template":"","format":"standard","meta":{"ub_ctt_via":"","site-sidebar-layout":"default","site-content-layout":"default","ast-main-header-display":"","ast-hfb-above-header-display":"","ast-hfb-below-header-display":"","ast-hfb-mobile-header-display":"","site-post-title":"","ast-breadcrumbs-content":"","ast-featured-img":"","footer-sml-layout":"","theme-transparent-header-meta":"","adv-header-id-meta":"","stick-header-meta":"","header-above-stick-meta":"","header-main-stick-meta":"","header-below-stick-meta":"","footnotes":""},"categories":[1],"tags":[],"class_list":["post-4425","post","type-post","status-publish","format-standard","hentry","category-sin-categoria"],"featured_image_src":null,"author_info":{"display_name":"admin","author_link":"https:\/\/senasa.gob.hn\/web\/author\/admin\/"},"_links":{"self":[{"href":"https:\/\/senasa.gob.hn\/web\/wp-json\/wp\/v2\/posts\/4425","targetHints":{"allow":["GET"]}}],"collection":[{"href":"https:\/\/senasa.gob.hn\/web\/wp-json\/wp\/v2\/posts"}],"about":[{"href":"https:\/\/senasa.gob.hn\/web\/wp-json\/wp\/v2\/types\/post"}],"author":[{"embeddable":true,"href":"https:\/\/senasa.gob.hn\/web\/wp-json\/wp\/v2\/users\/1"}],"replies":[{"embeddable":true,"href":"https:\/\/senasa.gob.hn\/web\/wp-json\/wp\/v2\/comments?post=4425"}],"version-history":[{"count":4,"href":"https:\/\/senasa.gob.hn\/web\/wp-json\/wp\/v2\/posts\/4425\/revisions"}],"predecessor-version":[{"id":4429,"href":"https:\/\/senasa.gob.hn\/web\/wp-json\/wp\/v2\/posts\/4425\/revisions\/4429"}],"wp:attachment":[{"href":"https:\/\/senasa.gob.hn\/web\/wp-json\/wp\/v2\/media?parent=4425"}],"wp:term":[{"taxonomy":"category","embeddable":true,"href":"https:\/\/senasa.gob.hn\/web\/wp-json\/wp\/v2\/categories?post=4425"},{"taxonomy":"post_tag","embeddable":true,"href":"https:\/\/senasa.gob.hn\/web\/wp-json\/wp\/v2\/tags?post=4425"}],"curies":[{"name":"wp","href":"https:\/\/api.w.org\/{rel}","templated":true}]}}