{"id":4380,"date":"2022-02-14T05:08:34","date_gmt":"2022-02-14T05:08:34","guid":{"rendered":"https:\/\/senasa.gob.hn\/web\/?p=4380"},"modified":"2022-02-14T05:09:52","modified_gmt":"2022-02-14T05:09:52","slug":"mas-de-320-empleados-se-suman-a-la-promocion-de-la-vision-y-mision-del-senasa-2","status":"publish","type":"post","link":"https:\/\/senasa.gob.hn\/web\/2022\/02\/14\/mas-de-320-empleados-se-suman-a-la-promocion-de-la-vision-y-mision-del-senasa-2\/","title":{"rendered":"M\u00e1s de 320 empleados se suman a la promoci\u00f3n de la visi\u00f3n y misi\u00f3n del SENASA (2)"},"content":{"rendered":"\t\t<div data-elementor-type=\"wp-post\" data-elementor-id=\"4380\" class=\"elementor elementor-4380\">\n\t\t\t\t\t\t<section class=\"elementor-section elementor-top-section elementor-element elementor-element-1140f01 elementor-section-boxed elementor-section-height-default elementor-section-height-default\" data-id=\"1140f01\" data-element_type=\"section\" data-e-type=\"section\">\n\t\t\t\t\t\t<div class=\"elementor-container elementor-column-gap-default\">\n\t\t\t\t\t<div class=\"elementor-column elementor-col-100 elementor-top-column elementor-element elementor-element-af56823\" data-id=\"af56823\" data-element_type=\"column\" data-e-type=\"column\">\n\t\t\t<div class=\"elementor-widget-wrap elementor-element-populated\">\n\t\t\t\t\t\t<div class=\"elementor-element elementor-element-252bdb3 elementor-widget elementor-widget-text-editor\" data-id=\"252bdb3\" data-element_type=\"widget\" data-e-type=\"widget\" data-widget_type=\"text-editor.default\">\n\t\t\t\t<div class=\"elementor-widget-container\">\n\t\t\t\t\t\t\t\t\t<p><strong><img fetchpriority=\"high\" decoding=\"async\" src=\"images\/ANITA_2.jpg\" alt=\"\" width=\"820\" height=\"447\" \/><\/strong><\/p>\n<p><strong>M\u00e1s de 320 empleados se suman a la promoci\u00f3n de la visi\u00f3n y misi\u00f3n del SENASA<\/strong><\/p>\n<hr id=\"system-readmore\" \/>\n<p style=\"text-align: justify;\"><strong>Tegucigalpa.- M.D.C 14 de Junio de 2019. <\/strong>M\u00e1s de 350 empleados del Servicio Nacional de Sanidad e Inocuidad Agroalimentaria SENASA, fueron participes de la socializaci\u00f3n de\u00a0 la misi\u00f3n, visi\u00f3n y valores institucionales dados a conocer por el equipo del Departamento de Comunicaciones.<\/p>\n<p style=\"text-align: justify;\">La socializaci\u00f3n se realiz\u00f3 en las instalaciones de la instituci\u00f3n y es parte de los compromisos adquiridos dentro del Plan de Implementaci\u00f3n 2019 que fue presentado por las autoridades de SENASA a trav\u00e9s del Comit\u00e9 de Control Interno Institucional (COCOIN)\u00a0Oficina Nacional de Desarrollo Integral de Control Interno (ONADICI).<\/p>\n<p style=\"text-align: justify;\">Los empleados de la Oficina Central, del Instituto Hondure\u00f1o de Investigaci\u00f3n Medico Veterinaria, del Laboratorio de Calidad San Jos\u00e9 as\u00ed como personal de las 9 regionales presentes en el evento recibieron una pancarta con la misi\u00f3n , visi\u00f3n y los \u00a0\u00a0institucionales a fin de que los mismos sean aprendidos.<\/p>\n<p style=\"text-align: justify;\">\u201cEstamos promoviendo una cultura de valores que nos permita establecer una relaci\u00f3n m\u00e1s estrecha entre compa\u00f1eros as\u00ed como el sentido de pertenencia e identidad dentro de la \u00a0instituci\u00f3n\u201d, expres\u00f3 Ricardo Paz Mej\u00eda Director General de SENASA.<\/p>\n<p>\u00a0<\/p>\n<p>\u00a0<\/p>\t\t\t\t\t\t\t\t<\/div>\n\t\t\t\t<\/div>\n\t\t\t\t\t<\/div>\n\t\t<\/div>\n\t\t\t\t\t<\/div>\n\t\t<\/section>\n\t\t\t\t<\/div>\n\t\t","protected":false},"excerpt":{"rendered":"<p>M\u00e1s de 320 empleados se suman a la promoci\u00f3n de la visi\u00f3n y misi\u00f3n del SENASA Tegucigalpa.- M.D.C 14 de Junio de 2019. M\u00e1s de 350 empleados del Servicio Nacional de Sanidad e Inocuidad Agroalimentaria SENASA, fueron participes de la socializaci\u00f3n de\u00a0 la misi\u00f3n, visi\u00f3n y valores institucionales dados a conocer por el equipo del &hellip;<\/p>\n<p class=\"read-more\"> <a class=\"\" href=\"https:\/\/senasa.gob.hn\/web\/2022\/02\/14\/mas-de-320-empleados-se-suman-a-la-promocion-de-la-vision-y-mision-del-senasa-2\/\"> <span class=\"screen-reader-text\">M\u00e1s de 320 empleados se suman a la promoci\u00f3n de la visi\u00f3n y misi\u00f3n del SENASA (2)<\/span> Leer m\u00e1s &raquo;<\/a><\/p>\n","protected":false},"author":1,"featured_media":0,"comment_status":"open","ping_status":"open","sticky":false,"template":"","format":"standard","meta":{"ub_ctt_via":"","site-sidebar-layout":"default","site-content-layout":"default","ast-main-header-display":"","ast-hfb-above-header-display":"","ast-hfb-below-header-display":"","ast-hfb-mobile-header-display":"","site-post-title":"","ast-breadcrumbs-content":"","ast-featured-img":"","footer-sml-layout":"","theme-transparent-header-meta":"","adv-header-id-meta":"","stick-header-meta":"","header-above-stick-meta":"","header-main-stick-meta":"","header-below-stick-meta":"","footnotes":""},"categories":[1],"tags":[],"class_list":["post-4380","post","type-post","status-publish","format-standard","hentry","category-sin-categoria"],"featured_image_src":null,"author_info":{"display_name":"admin","author_link":"https:\/\/senasa.gob.hn\/web\/author\/admin\/"},"_links":{"self":[{"href":"https:\/\/senasa.gob.hn\/web\/wp-json\/wp\/v2\/posts\/4380","targetHints":{"allow":["GET"]}}],"collection":[{"href":"https:\/\/senasa.gob.hn\/web\/wp-json\/wp\/v2\/posts"}],"about":[{"href":"https:\/\/senasa.gob.hn\/web\/wp-json\/wp\/v2\/types\/post"}],"author":[{"embeddable":true,"href":"https:\/\/senasa.gob.hn\/web\/wp-json\/wp\/v2\/users\/1"}],"replies":[{"embeddable":true,"href":"https:\/\/senasa.gob.hn\/web\/wp-json\/wp\/v2\/comments?post=4380"}],"version-history":[{"count":4,"href":"https:\/\/senasa.gob.hn\/web\/wp-json\/wp\/v2\/posts\/4380\/revisions"}],"predecessor-version":[{"id":4384,"href":"https:\/\/senasa.gob.hn\/web\/wp-json\/wp\/v2\/posts\/4380\/revisions\/4384"}],"wp:attachment":[{"href":"https:\/\/senasa.gob.hn\/web\/wp-json\/wp\/v2\/media?parent=4380"}],"wp:term":[{"taxonomy":"category","embeddable":true,"href":"https:\/\/senasa.gob.hn\/web\/wp-json\/wp\/v2\/categories?post=4380"},{"taxonomy":"post_tag","embeddable":true,"href":"https:\/\/senasa.gob.hn\/web\/wp-json\/wp\/v2\/tags?post=4380"}],"curies":[{"name":"wp","href":"https:\/\/api.w.org\/{rel}","templated":true}]}}