{"id":4355,"date":"2022-02-14T04:54:11","date_gmt":"2022-02-14T04:54:11","guid":{"rendered":"https:\/\/senasa.gob.hn\/web\/?p=4355"},"modified":"2022-02-14T04:55:28","modified_gmt":"2022-02-14T04:55:28","slug":"llega-primera-importacion-raza-angus-rojo-mejorara-genetica-de-ganado-bovino","status":"publish","type":"post","link":"https:\/\/senasa.gob.hn\/web\/2022\/02\/14\/llega-primera-importacion-raza-angus-rojo-mejorara-genetica-de-ganado-bovino\/","title":{"rendered":"Llega primera importaci\u00f3n: Raza Angus Rojo mejorar\u00e1 gen\u00e9tica de ganado bovino"},"content":{"rendered":"\t\t<div data-elementor-type=\"wp-post\" data-elementor-id=\"4355\" class=\"elementor elementor-4355\">\n\t\t\t\t\t\t<section class=\"elementor-section elementor-top-section elementor-element elementor-element-eca355c elementor-section-boxed elementor-section-height-default elementor-section-height-default\" data-id=\"eca355c\" data-element_type=\"section\" data-e-type=\"section\">\n\t\t\t\t\t\t<div class=\"elementor-container elementor-column-gap-default\">\n\t\t\t\t\t<div class=\"elementor-column elementor-col-100 elementor-top-column elementor-element elementor-element-2d90873\" data-id=\"2d90873\" data-element_type=\"column\" data-e-type=\"column\">\n\t\t\t<div class=\"elementor-widget-wrap elementor-element-populated\">\n\t\t\t\t\t\t<div class=\"elementor-element elementor-element-31aaa5e elementor-widget elementor-widget-text-editor\" data-id=\"31aaa5e\" data-element_type=\"widget\" data-e-type=\"widget\" data-widget_type=\"text-editor.default\">\n\t\t\t\t<div class=\"elementor-widget-container\">\n\t\t\t\t\t\t\t\t\t<p><img fetchpriority=\"high\" decoding=\"async\" src=\"images\/ANGUS-1.jpg\" alt=\"\" width=\"424\" height=\"235\" \/><\/p>\n<p>Llega primera importaci\u00f3n:<\/p>\n<p><strong>Raza Angus Rojo mejorar\u00e1 gen\u00e9tica de ganado bovino<\/strong><\/p>\n<hr id=\"system-readmore\" \/>\n<p style=\"text-align: justify;\">&nbsp;\u2022La SAG se propone incrementar el hato ganadero en m\u00e1s de dos millones de cabezas.<\/p>\n<p style=\"text-align: justify;\">\u2022&nbsp;Con esta proyecci\u00f3n se fortalecer\u00eda la producci\u00f3n y se&nbsp; garantizar\u00e1 el suficiente abastecimiento interno y exportaciones de carne y de leche.<\/p>\n<p style=\"text-align: justify;\">Catorce empresarios del rubro de la ganader\u00eda de diferentes sectores del pa\u00eds, le est\u00e1n apostado al mejoramiento del hato ganadero, al lograr con el apoyo de la Secretar\u00eda de Agricultura y Ganader\u00eda (SAG), a trav\u00e9s del Servicio Nacional de Sanidad Agropecuaria, (SENASA), importar toros de la raza Angus Rojo, desde el Sur de Texas,&nbsp; Estados Unidos.<\/p>\n<p style=\"text-align: justify;\">Esto viene a fortalecer al sector ganadero de Honduras mediante el mejoramiento de la calidad de carne tanto para consumo interno como para exportaci\u00f3n.<\/p>\n<p style=\"text-align: justify;\">Importaci\u00f3n<\/p>\n<p><img decoding=\"async\" src=\"images\/ANGUS-2.jpg\" alt=\"\" width=\"433\" height=\"221\" \/><\/p>\n<p style=\"text-align: justify;\">La importaci\u00f3n se hizo con la colaboraci\u00f3n de la Universidad de Texas Tech, Directivos de la C\u00e1mara de Fomento Ganadero de Honduras, (Cafogah), y el Fondo Ganadero de Honduras y la Federaci\u00f3n Nacional de Agricultores y Ganaderos Ganader\u00eda, (FENAGH).<\/p>\n<p style=\"text-align: justify;\">Los ejemplares desembarcaron en Puerto Cort\u00e9s y fueron puestos en cuarentena en las instalaciones del rancho El Ceb\u00fa, en Cofrad\u00eda, Cort\u00e9s, propiedad del Fondo Ganadero, por autoridades del SENASA quienes con el apoyo de la Operadora Portuaria Centroamericana, (OPC), y el Servicio de Protecci\u00f3n Agropecuaria, (SITC), del Organismo Internacional Regional de Sanidad Agropecuaria, (OIRSA), realizaron previo el an\u00e1lisis respectivo para la realizaci\u00f3n de la importaci\u00f3n.<\/p>\n<p style=\"text-align: justify;\">Con esto continuamos impulsando la ganader\u00eda del pa\u00eds, con el esfuerzo y empuje del Presidente de la Rep\u00fablica, Juan Orlando Hern\u00e1ndez y el acompa\u00f1amiento del sector privado, inform\u00f3 H\u00e9ctor Ferreira, Sub secretario de Ganader\u00eda.<\/p>\n<p style=\"text-align: justify;\">\u201cEstos toros de alta gen\u00e9tica ser\u00e1n cruzados con vacas hondure\u00f1as para fortalecer la calidad de la carne, con lo que pretendemos mejorar el hato ganadero y poder tener mejores marmoleos y rendimientos en canal en las plantas de proceso, eficientando tambi\u00e9n las conversiones alimenticias de los engordes estabulados\u201d, asegur\u00f3 Ferreira.<\/p>\n<p style=\"text-align: justify;\">Dato<\/p>\n<p style=\"text-align: justify;\">El ganado Angus Rojo es conocido por sus caracter\u00edsticas de temperamento tranquilo, es una raza ideal para condiciones tropicales y subtropicales, seg\u00fan algunos expertos.<\/p>\n<p style=\"text-align: justify;\">Al tener menos efectos de estr\u00e9s por calor, mejora el consumo y ganancias de peso en comparaci\u00f3n con otros ejemplares.<\/p>\t\t\t\t\t\t\t\t<\/div>\n\t\t\t\t<\/div>\n\t\t\t\t\t<\/div>\n\t\t<\/div>\n\t\t\t\t\t<\/div>\n\t\t<\/section>\n\t\t\t\t<\/div>\n\t\t","protected":false},"excerpt":{"rendered":"<p>Llega primera importaci\u00f3n: Raza Angus Rojo mejorar\u00e1 gen\u00e9tica de ganado bovino &nbsp;\u2022La SAG se propone incrementar el hato ganadero en m\u00e1s de dos millones de cabezas. \u2022&nbsp;Con esta proyecci\u00f3n se fortalecer\u00eda la producci\u00f3n y se&nbsp; garantizar\u00e1 el suficiente abastecimiento interno y exportaciones de carne y de leche. Catorce empresarios del rubro de la ganader\u00eda de &hellip;<\/p>\n<p class=\"read-more\"> <a class=\"\" href=\"https:\/\/senasa.gob.hn\/web\/2022\/02\/14\/llega-primera-importacion-raza-angus-rojo-mejorara-genetica-de-ganado-bovino\/\"> <span class=\"screen-reader-text\">Llega primera importaci\u00f3n: Raza Angus Rojo mejorar\u00e1 gen\u00e9tica de ganado bovino<\/span> Leer m\u00e1s &raquo;<\/a><\/p>\n","protected":false},"author":1,"featured_media":0,"comment_status":"open","ping_status":"open","sticky":false,"template":"","format":"standard","meta":{"ub_ctt_via":"","site-sidebar-layout":"default","site-content-layout":"default","ast-main-header-display":"","ast-hfb-above-header-display":"","ast-hfb-below-header-display":"","ast-hfb-mobile-header-display":"","site-post-title":"","ast-breadcrumbs-content":"","ast-featured-img":"","footer-sml-layout":"","theme-transparent-header-meta":"","adv-header-id-meta":"","stick-header-meta":"","header-above-stick-meta":"","header-main-stick-meta":"","header-below-stick-meta":"","footnotes":""},"categories":[1],"tags":[],"class_list":["post-4355","post","type-post","status-publish","format-standard","hentry","category-sin-categoria"],"featured_image_src":null,"author_info":{"display_name":"admin","author_link":"https:\/\/senasa.gob.hn\/web\/author\/admin\/"},"_links":{"self":[{"href":"https:\/\/senasa.gob.hn\/web\/wp-json\/wp\/v2\/posts\/4355","targetHints":{"allow":["GET"]}}],"collection":[{"href":"https:\/\/senasa.gob.hn\/web\/wp-json\/wp\/v2\/posts"}],"about":[{"href":"https:\/\/senasa.gob.hn\/web\/wp-json\/wp\/v2\/types\/post"}],"author":[{"embeddable":true,"href":"https:\/\/senasa.gob.hn\/web\/wp-json\/wp\/v2\/users\/1"}],"replies":[{"embeddable":true,"href":"https:\/\/senasa.gob.hn\/web\/wp-json\/wp\/v2\/comments?post=4355"}],"version-history":[{"count":4,"href":"https:\/\/senasa.gob.hn\/web\/wp-json\/wp\/v2\/posts\/4355\/revisions"}],"predecessor-version":[{"id":4359,"href":"https:\/\/senasa.gob.hn\/web\/wp-json\/wp\/v2\/posts\/4355\/revisions\/4359"}],"wp:attachment":[{"href":"https:\/\/senasa.gob.hn\/web\/wp-json\/wp\/v2\/media?parent=4355"}],"wp:term":[{"taxonomy":"category","embeddable":true,"href":"https:\/\/senasa.gob.hn\/web\/wp-json\/wp\/v2\/categories?post=4355"},{"taxonomy":"post_tag","embeddable":true,"href":"https:\/\/senasa.gob.hn\/web\/wp-json\/wp\/v2\/tags?post=4355"}],"curies":[{"name":"wp","href":"https:\/\/api.w.org\/{rel}","templated":true}]}}