{"id":4212,"date":"2022-02-14T02:58:33","date_gmt":"2022-02-14T02:58:33","guid":{"rendered":"https:\/\/senasa.gob.hn\/web\/?p=4212"},"modified":"2022-02-14T03:01:07","modified_gmt":"2022-02-14T03:01:07","slug":"instalaran-planta-empacadora-de-chile-de-colores","status":"publish","type":"post","link":"https:\/\/senasa.gob.hn\/web\/2022\/02\/14\/instalaran-planta-empacadora-de-chile-de-colores\/","title":{"rendered":"Instalar\u00e1n planta empacadora de chile de colores"},"content":{"rendered":"\t\t<div data-elementor-type=\"wp-post\" data-elementor-id=\"4212\" class=\"elementor elementor-4212\">\n\t\t\t\t\t\t<section class=\"elementor-section elementor-top-section elementor-element elementor-element-38c8094 elementor-section-boxed elementor-section-height-default elementor-section-height-default\" data-id=\"38c8094\" data-element_type=\"section\" data-e-type=\"section\">\n\t\t\t\t\t\t<div class=\"elementor-container elementor-column-gap-default\">\n\t\t\t\t\t<div class=\"elementor-column elementor-col-100 elementor-top-column elementor-element elementor-element-6d5afec\" data-id=\"6d5afec\" data-element_type=\"column\" data-e-type=\"column\">\n\t\t\t<div class=\"elementor-widget-wrap elementor-element-populated\">\n\t\t\t\t\t\t<div class=\"elementor-element elementor-element-89c8ffb elementor-widget elementor-widget-text-editor\" data-id=\"89c8ffb\" data-element_type=\"widget\" data-e-type=\"widget\" data-widget_type=\"text-editor.default\">\n\t\t\t\t<div class=\"elementor-widget-container\">\n\t\t\t\t\t\t\t\t\t<p><em> <img fetchpriority=\"high\" decoding=\"async\" src=\"images\/Chile_de_colores_9.jpg\" alt=\"\" width=\"640\" height=\"311\" \/><\/em><\/p>\n<p><em>\u00a0<\/em><strong>Instalar\u00e1n planta empacadora de chile de colores<\/strong><\/p>\n<hr id=\"system-readmore\" \/>\n<p style=\"text-align: justify;\"><strong>San Marcos de Col\u00f3n Choluteca<\/strong> .Con el prop\u00f3sito de exportar chile a Estados Unidos y continuar abasteciendo el mercado nacional Empresa Agrocultivos el Chaguit\u00f3n se prepara con instalaci\u00f3n de Planta Empacadora en el caser\u00edo el Trapiche, aldea Comal\u00ed en el Sur de Honduras.<\/p>\n<p style=\"text-align: justify;\">Con el apoyo y asistencia t\u00e9cnica del Servicio Nacional de Sanidad e Inocuidad Agroalimentaria (SENASA), adscrito la Secretar\u00eda de Agricultura y Ganader\u00eda (SAG), se construye dicho establecimiento y se da seguimiento al Protocolo de Chile y Tomate establecido por el Departamento de Agricultura de los Estados Unidos (USDA) para el proceso de certificaci\u00f3n de un vivero en coordinaci\u00f3n con Sanidad Vegetal.<\/p>\n<p style=\"text-align: justify;\">En la actualidad Agrocultivos el Chaguit\u00f3n comercializa alrededor de 8 mil cestas de las variedades de chile habanero, jalape\u00f1o, de colores y ha realizado pruebas de ex\u00f3ticos \u201ctenemos 50 hect\u00e1reas de cultivo, pero 10 son de un proyecto piloto, del 100 por ciento del producto, un 70 % va al mercado nacional a los anaqueles de supermercados La Colonia y Hortifrutis que abastece a Walmark\u201d, se\u00f1al\u00f3 Nelson C\u00e1rcamo propietario.<\/p>\n<p style=\"text-align: justify;\">A\u00f1adi\u00f3, que est\u00e1 ingresando con el producto ex\u00f3tico a supermercados Del Corral, \u201cqueremos abastecer el mercado nacional, pero tambi\u00e9n tenemos el deseo de poder exportar, que nuestros chiles puedan salir al exterior ya que son de excelente calidad, estamos construyendo la Planta Empacadora con la supervisi\u00f3n de SENASA, cumpliendo varias correcciones como requisitos de exportaci\u00f3n\u201d.<\/p>\n<p style=\"text-align: justify;\">C\u00e1rcamo, exterioriz\u00f3 que tambi\u00e9n instal\u00f3 el vivero de chile de colores \u201ceste es un proyecto que naci\u00f3 a iniciativa del equipo t\u00e9cnico de SENASA, regi\u00f3n Sur, quienes nos asesoraron con pruebas de ensayo, luego al ver la efectividad dieron seguimiento, estamos muy agradecidos, primero Dios logremos exportar a otro pa\u00eds en el 2020.<\/p>\n<p style=\"text-align: justify;\">Por su parte, Denis Mauricio Sierra Inspector Fitosanitario de SENASA manifest\u00f3 que \u201ceste proyecto piloto bajo Protocolo de Chile y Tomate es de 10 hect\u00e1reas, mismo que comenz\u00f3 desde cero, actualmente tenemos un trampeo en la zona buffet para la Mosca de la Fruta, llevamos 52 semanas de monitoreo, pr\u00e1cticamente m\u00e1s de un a\u00f1o y no se ha evidenciado captura de Moscamed\u201d.<\/p>\n<p style=\"text-align: justify;\">El personal que labora en Agrocultivos el Chaguiton tambi\u00e9n ha sido capacitado en Buenas Pr\u00e1cticas Agr\u00edcolas y Manufactura, \u201cel protocolo es enfocado a chile de colores y tomate pero el productor ha tenido ensayos tambi\u00e9n para habaneros y picantes para los futuros clientes\u201d.<\/p>\n<p style=\"text-align: justify;\">Jos\u00e9 Antonio Calder\u00f3n Inspector Fitosanitario de SENASA, explic\u00f3 que \u201cnosotros llevamos un control en cuanto al manejo de plagas, explicamos sobre Thrips con el fin de que el producto no sufra da\u00f1os y cumpla con las normas e igual para que al momento de que envi\u00e9 el producto a otro pa\u00eds no tenga intercepciones ni rechazo\u201d.<\/p>\n<p style=\"text-align: justify;\"><strong>\u00a0<\/strong><\/p>\n<p><strong>\u00a0<\/strong><\/p>\t\t\t\t\t\t\t\t<\/div>\n\t\t\t\t<\/div>\n\t\t\t\t\t<\/div>\n\t\t<\/div>\n\t\t\t\t\t<\/div>\n\t\t<\/section>\n\t\t\t\t<\/div>\n\t\t","protected":false},"excerpt":{"rendered":"<p>\u00a0Instalar\u00e1n planta empacadora de chile de colores San Marcos de Col\u00f3n Choluteca .Con el prop\u00f3sito de exportar chile a Estados Unidos y continuar abasteciendo el mercado nacional Empresa Agrocultivos el Chaguit\u00f3n se prepara con instalaci\u00f3n de Planta Empacadora en el caser\u00edo el Trapiche, aldea Comal\u00ed en el Sur de Honduras. Con el apoyo y asistencia &hellip;<\/p>\n<p class=\"read-more\"> <a class=\"\" href=\"https:\/\/senasa.gob.hn\/web\/2022\/02\/14\/instalaran-planta-empacadora-de-chile-de-colores\/\"> <span class=\"screen-reader-text\">Instalar\u00e1n planta empacadora de chile de colores<\/span> Leer m\u00e1s &raquo;<\/a><\/p>\n","protected":false},"author":1,"featured_media":0,"comment_status":"open","ping_status":"open","sticky":false,"template":"","format":"standard","meta":{"ub_ctt_via":"","site-sidebar-layout":"default","site-content-layout":"default","ast-main-header-display":"","ast-hfb-above-header-display":"","ast-hfb-below-header-display":"","ast-hfb-mobile-header-display":"","site-post-title":"","ast-breadcrumbs-content":"","ast-featured-img":"","footer-sml-layout":"","theme-transparent-header-meta":"","adv-header-id-meta":"","stick-header-meta":"","header-above-stick-meta":"","header-main-stick-meta":"","header-below-stick-meta":"","footnotes":""},"categories":[1],"tags":[],"class_list":["post-4212","post","type-post","status-publish","format-standard","hentry","category-sin-categoria"],"featured_image_src":null,"author_info":{"display_name":"admin","author_link":"https:\/\/senasa.gob.hn\/web\/author\/admin\/"},"_links":{"self":[{"href":"https:\/\/senasa.gob.hn\/web\/wp-json\/wp\/v2\/posts\/4212","targetHints":{"allow":["GET"]}}],"collection":[{"href":"https:\/\/senasa.gob.hn\/web\/wp-json\/wp\/v2\/posts"}],"about":[{"href":"https:\/\/senasa.gob.hn\/web\/wp-json\/wp\/v2\/types\/post"}],"author":[{"embeddable":true,"href":"https:\/\/senasa.gob.hn\/web\/wp-json\/wp\/v2\/users\/1"}],"replies":[{"embeddable":true,"href":"https:\/\/senasa.gob.hn\/web\/wp-json\/wp\/v2\/comments?post=4212"}],"version-history":[{"count":4,"href":"https:\/\/senasa.gob.hn\/web\/wp-json\/wp\/v2\/posts\/4212\/revisions"}],"predecessor-version":[{"id":4216,"href":"https:\/\/senasa.gob.hn\/web\/wp-json\/wp\/v2\/posts\/4212\/revisions\/4216"}],"wp:attachment":[{"href":"https:\/\/senasa.gob.hn\/web\/wp-json\/wp\/v2\/media?parent=4212"}],"wp:term":[{"taxonomy":"category","embeddable":true,"href":"https:\/\/senasa.gob.hn\/web\/wp-json\/wp\/v2\/categories?post=4212"},{"taxonomy":"post_tag","embeddable":true,"href":"https:\/\/senasa.gob.hn\/web\/wp-json\/wp\/v2\/tags?post=4212"}],"curies":[{"name":"wp","href":"https:\/\/api.w.org\/{rel}","templated":true}]}}