{"id":4177,"date":"2022-02-14T02:19:31","date_gmt":"2022-02-14T02:19:31","guid":{"rendered":"https:\/\/senasa.gob.hn\/web\/?p=4177"},"modified":"2022-02-14T02:22:05","modified_gmt":"2022-02-14T02:22:05","slug":"inicia-incorporacion-de-el-salvador-a-la-union-aduanera-del-triangulo-norte","status":"publish","type":"post","link":"https:\/\/senasa.gob.hn\/web\/2022\/02\/14\/inicia-incorporacion-de-el-salvador-a-la-union-aduanera-del-triangulo-norte\/","title":{"rendered":"Inicia incorporaci\u00f3n de El Salvador a la Uni\u00f3n Aduanera del Tri\u00e1ngulo Norte"},"content":{"rendered":"\t\t<div data-elementor-type=\"wp-post\" data-elementor-id=\"4177\" class=\"elementor elementor-4177\">\n\t\t\t\t\t\t<section class=\"elementor-section elementor-top-section elementor-element elementor-element-3a88bde elementor-section-boxed elementor-section-height-default elementor-section-height-default\" data-id=\"3a88bde\" data-element_type=\"section\" data-e-type=\"section\">\n\t\t\t\t\t\t<div class=\"elementor-container elementor-column-gap-default\">\n\t\t\t\t\t<div class=\"elementor-column elementor-col-100 elementor-top-column elementor-element elementor-element-22a4078\" data-id=\"22a4078\" data-element_type=\"column\" data-e-type=\"column\">\n\t\t\t<div class=\"elementor-widget-wrap elementor-element-populated\">\n\t\t\t\t\t\t<div class=\"elementor-element elementor-element-1db3b80 elementor-widget elementor-widget-text-editor\" data-id=\"1db3b80\" data-element_type=\"widget\" data-e-type=\"widget\" data-widget_type=\"text-editor.default\">\n\t\t\t\t<div class=\"elementor-widget-container\">\n\t\t\t\t\t\t\t\t\t<h1 class=\"entry-title\">Inicia incorporaci\u00f3n de El Salvador a la Uni\u00f3n Aduanera del Tri\u00e1ngulo Norte<\/h1>\n<p style=\"text-align: justify;\"><img decoding=\"async\" src=\"images\/IMG_i8itq3.jpg\" alt=\"\" \/><\/p>\n<div class=\"entry-content\"><hr id=\"system-readmore\" \/>\n<p style=\"text-align: justify;\">Autoridades del Ministerio de Econom\u00eda y Canciller\u00eda inauguraron este lunes en San Salvador la primera ronda de negociaciones para la incorporaci\u00f3n de El Salvador al proceso de Uni\u00f3n Aduanera iniciado por Guatemala y Honduras, lanzado oficialmente por ambos pa\u00edses el pasado 26 de junio.<\/p>\n<p style=\"text-align: justify;\">Las reuniones se llevan a cabo del 16 al 18 de octubre en la sede de la Canciller\u00eda y en ellas participan 80 negociadores de los pa\u00edses que conforman la regi\u00f3n del tri\u00e1ngulo norte, quienes estar\u00e1n sesionando en siete mesas, entre ellas, la de tributos internos, aduanas, medidas sanitarias y fitosanitarias, migraci\u00f3n, aranceles y reglas de origen.<\/p>\n<p style=\"text-align: justify;\">La plenaria de apertura de las negociaciones fue presidida por el Ministro de Econom\u00eda, Tharsis Salom\u00f3n L\u00f3pez, la Viceministra de Econom\u00eda, Luz Estrella Rodr\u00edguez y el Viceministro de Relaciones Exteriores, Carlos Castaneda. Asimismo, se cont\u00f3 con la participaci\u00f3n del Secretario General de la Secretar\u00eda de Integraci\u00f3n Econ\u00f3mica Centroamericana (SIECA), Melvin Redondo donde tambi\u00e9n participa el equipo t\u00e9cnico del Servicio Nacional de Sanidad e Inocuidad Agroalimentar\u00eda (Senasa), de Honduras.<\/p>\n<p style=\"text-align: justify;\">El Ministro L\u00f3pez se\u00f1al\u00f3 que la decisi\u00f3n adoptada por El Salvador constituye una muestra del firme compromiso que ha asumido nuestro pa\u00eds de avanzar aceleradamente en la consolidaci\u00f3n de la uni\u00f3n aduanera entre los pa\u00edses que conforman la regi\u00f3n del tri\u00e1ngulo norte.<\/p>\n<p style=\"text-align: justify;\">El funcionario indic\u00f3 que, una vez Guatemala y Honduras anunciaron que hab\u00edan completado la primera fase de su integraci\u00f3n profunda, El Salvador tom\u00f3 la iniciativa de incorporarse como observador a las negociaciones bilaterales que mantienen ambos pa\u00edses. Por ello, la decisi\u00f3n adoptada por nuestro pa\u00eds llega en el momento adecuado, en el cual los tres pa\u00edses pueden construir una uni\u00f3n aduanera, bajo los principios de gradualidad y flexibilidad.<\/p>\n<p style=\"text-align: justify;\">El titular de Econom\u00eda destac\u00f3 que en preparaci\u00f3n para esta primera ronda de negociaciones, se han sostenido reuniones de coordinaci\u00f3n con todas las instituciones de gobierno vinculadas a este proceso, lo cual ha permitido identificar inicialmente m\u00e1s de 125 tareas que tienen que realizarse para alcanzar la incorporaci\u00f3n de nuestro pa\u00eds a la uni\u00f3n aduanera.<\/p>\n<p style=\"text-align: justify;\">Por su parte, la Viceministra de Econom\u00eda explic\u00f3 que lo que se busca es conformar un territorio aduanero \u00fanico entre los tres pa\u00edses, en donde un determinado n\u00famero de productos gozar\u00e1n de libre circulaci\u00f3n. Esto significa que cuando una mercanc\u00eda ingrese al territorio aduanero \u00fanico por alg\u00fan puerto o aduana perif\u00e9rica y haya sido nacionalizado, podr\u00e1 circular libremente por el resto del territorio de los tres pa\u00edses.<\/p>\n<p style=\"text-align: justify;\">\u201cEn este caso, los puestos fronterizos se convierten en aut\u00e9nticas aduanas de paso, con lo cual contribuimos a la facilitaci\u00f3n del comercio y a agilizar el tr\u00e1nsito de las mercanc\u00edas por las aduanas\u201d, acot\u00f3 la Viceministra Rodr\u00edguez.<\/p>\n<p style=\"text-align: justify;\">Como parte de su proceso de incorporaci\u00f3n a la uni\u00f3n aduanera, El Salvador ha decidido trabajar de manera prioritaria en los puestos fronterizos de Anguiat\u00fa y La Hachadura, en el caso de la frontera con Guatemala y en El Amatillo, en el caso de Honduras.<\/p>\n<p style=\"text-align: justify;\">A este respecto, hay que tomar en cuenta que Anguiat\u00fa es uno de los puestos fronterizos m\u00e1s importantes desde el punto de vista de las exportaciones salvadore\u00f1as, ya que a trav\u00e9s de este transitan las mercanc\u00edas que tienen como destino el mercado de los Estados Unidos.<br \/>La Viceministra Rodr\u00edguez expres\u00f3 que durante las \u00faltimas semanas, se han realizado visitas a los puestos fronterizos de Anguiat\u00fa y La Hachadura y en los pr\u00f3ximos d\u00edas se estar\u00e1n visitando los puestos fronterizos de El Amatillo y el Poy.<\/p>\n<p style=\"text-align: justify;\">Las referidas visitas tienen como prop\u00f3sito constatar las condiciones geogr\u00e1ficas de dichos puestos fronterizos, as\u00ed como la cantidad de medios de transporte que circulan por ellos; lo anterior, con el prop\u00f3sito de hacer algunos ajustes en los procedimientos a implementarse, pero sin alterar la esencia del modelo de uni\u00f3n aduanera.<\/p>\n<p style=\"text-align: justify;\">Los titulares de Econom\u00eda coincidieron en expresar que al final de esta ronda de negociaciones se espera avanzar sustancialmente en la definici\u00f3n de los t\u00e9rminos y condiciones bajo los cuales El Salvador se estar\u00e1 incorporando a la uni\u00f3n aduanera.<\/p>\n<p style=\"text-align: justify;\">La segunda ronda de negociaciones se realizar\u00e1 del 27 de noviembre al 1 de diciembre en la ciudad de Guatemala.<\/p>\n<p style=\"text-align: justify;\">&nbsp;<\/p>\n<p style=\"text-align: justify;\">&nbsp;<\/p>\n<\/div>\t\t\t\t\t\t\t\t<\/div>\n\t\t\t\t<\/div>\n\t\t\t\t\t<\/div>\n\t\t<\/div>\n\t\t\t\t\t<\/div>\n\t\t<\/section>\n\t\t\t\t<\/div>\n\t\t","protected":false},"excerpt":{"rendered":"<p>Inicia incorporaci\u00f3n de El Salvador a la Uni\u00f3n Aduanera del Tri\u00e1ngulo Norte Autoridades del Ministerio de Econom\u00eda y Canciller\u00eda inauguraron este lunes en San Salvador la primera ronda de negociaciones para la incorporaci\u00f3n de El Salvador al proceso de Uni\u00f3n Aduanera iniciado por Guatemala y Honduras, lanzado oficialmente por ambos pa\u00edses el pasado 26 de &hellip;<\/p>\n<p class=\"read-more\"> <a class=\"\" href=\"https:\/\/senasa.gob.hn\/web\/2022\/02\/14\/inicia-incorporacion-de-el-salvador-a-la-union-aduanera-del-triangulo-norte\/\"> <span class=\"screen-reader-text\">Inicia incorporaci\u00f3n de El Salvador a la Uni\u00f3n Aduanera del Tri\u00e1ngulo Norte<\/span> Leer m\u00e1s &raquo;<\/a><\/p>\n","protected":false},"author":1,"featured_media":0,"comment_status":"open","ping_status":"open","sticky":false,"template":"","format":"standard","meta":{"ub_ctt_via":"","site-sidebar-layout":"default","site-content-layout":"default","ast-main-header-display":"","ast-hfb-above-header-display":"","ast-hfb-below-header-display":"","ast-hfb-mobile-header-display":"","site-post-title":"","ast-breadcrumbs-content":"","ast-featured-img":"","footer-sml-layout":"","theme-transparent-header-meta":"","adv-header-id-meta":"","stick-header-meta":"","header-above-stick-meta":"","header-main-stick-meta":"","header-below-stick-meta":"","footnotes":""},"categories":[1],"tags":[],"class_list":["post-4177","post","type-post","status-publish","format-standard","hentry","category-sin-categoria"],"featured_image_src":null,"author_info":{"display_name":"admin","author_link":"https:\/\/senasa.gob.hn\/web\/author\/admin\/"},"_links":{"self":[{"href":"https:\/\/senasa.gob.hn\/web\/wp-json\/wp\/v2\/posts\/4177","targetHints":{"allow":["GET"]}}],"collection":[{"href":"https:\/\/senasa.gob.hn\/web\/wp-json\/wp\/v2\/posts"}],"about":[{"href":"https:\/\/senasa.gob.hn\/web\/wp-json\/wp\/v2\/types\/post"}],"author":[{"embeddable":true,"href":"https:\/\/senasa.gob.hn\/web\/wp-json\/wp\/v2\/users\/1"}],"replies":[{"embeddable":true,"href":"https:\/\/senasa.gob.hn\/web\/wp-json\/wp\/v2\/comments?post=4177"}],"version-history":[{"count":4,"href":"https:\/\/senasa.gob.hn\/web\/wp-json\/wp\/v2\/posts\/4177\/revisions"}],"predecessor-version":[{"id":4181,"href":"https:\/\/senasa.gob.hn\/web\/wp-json\/wp\/v2\/posts\/4177\/revisions\/4181"}],"wp:attachment":[{"href":"https:\/\/senasa.gob.hn\/web\/wp-json\/wp\/v2\/media?parent=4177"}],"wp:term":[{"taxonomy":"category","embeddable":true,"href":"https:\/\/senasa.gob.hn\/web\/wp-json\/wp\/v2\/categories?post=4177"},{"taxonomy":"post_tag","embeddable":true,"href":"https:\/\/senasa.gob.hn\/web\/wp-json\/wp\/v2\/tags?post=4177"}],"curies":[{"name":"wp","href":"https:\/\/api.w.org\/{rel}","templated":true}]}}