{"id":4097,"date":"2022-02-14T00:50:19","date_gmt":"2022-02-14T00:50:19","guid":{"rendered":"https:\/\/senasa.gob.hn\/web\/?p=4097"},"modified":"2022-02-14T00:52:54","modified_gmt":"2022-02-14T00:52:54","slug":"honduras-participa-en-evento-sobre-enfermedad-de-platano-y-banano","status":"publish","type":"post","link":"https:\/\/senasa.gob.hn\/web\/2022\/02\/14\/honduras-participa-en-evento-sobre-enfermedad-de-platano-y-banano\/","title":{"rendered":"Honduras participa en evento sobre enfermedad de pl\u00e1tano y banano"},"content":{"rendered":"\t\t<div data-elementor-type=\"wp-post\" data-elementor-id=\"4097\" class=\"elementor elementor-4097\">\n\t\t\t\t\t\t<section class=\"elementor-section elementor-top-section elementor-element elementor-element-d368efe elementor-section-boxed elementor-section-height-default elementor-section-height-default\" data-id=\"d368efe\" data-element_type=\"section\" data-e-type=\"section\">\n\t\t\t\t\t\t<div class=\"elementor-container elementor-column-gap-default\">\n\t\t\t\t\t<div class=\"elementor-column elementor-col-100 elementor-top-column elementor-element elementor-element-ae93df8\" data-id=\"ae93df8\" data-element_type=\"column\" data-e-type=\"column\">\n\t\t\t<div class=\"elementor-widget-wrap elementor-element-populated\">\n\t\t\t\t\t\t<div class=\"elementor-element elementor-element-94776fd elementor-widget elementor-widget-text-editor\" data-id=\"94776fd\" data-element_type=\"widget\" data-e-type=\"widget\" data-widget_type=\"text-editor.default\">\n\t\t\t\t<div class=\"elementor-widget-container\">\n\t\t\t\t\t\t\t\t\t<p><strong><img fetchpriority=\"high\" decoding=\"async\" src=\"images\/FOTO_DIANA_COLOMBIA.jpg\" alt=\"\" width=\"467\" height=\"311\" \/><\/strong><\/p>\n<p><strong>Honduras participa en evento sobre enfermedad de pl\u00e1tano y banano<\/strong><\/p>\n<hr id=\"system-readmore\" \/>\n<p><strong>Honduras participa en evento sobre enfermedad de pl\u00e1tano y banano<\/strong><\/p>\n<p style=\"text-align: justify;\">La Marchitez del Banano causada por Fusarium oxysporum fsp. cubense (Foc R4T), en Latinoam\u00e9rica y el caribe es una enfermedad de alta peligrosidad que puede hasta causar la muerte en las plantaciones de banano.\u00a0<\/p>\n<p style=\"text-align: justify;\">Actualmente en Latinoam\u00e9rica esta enfermedad se ha detectado en Colombia y para prevenir que la enfermedad avance a otros pa\u00edses, se sostuvo el taller \u201cAgenda de investigaci\u00f3n para la exclusi\u00f3n, prevenci\u00f3n y manejo de brotes de la raza 4 tropical de Fusarium (R4T), en el cultivo de mus\u00e1ceas de Am\u00e9rica Latina y El caribe\u201d, en Bogot\u00e1, Colombia.\u00a0<\/p>\n<p style=\"text-align: justify;\">Al taller asistieron expertos de los Centros Internacionales de Investigaci\u00f3n de la regi\u00f3n, instancias de protecci\u00f3n fitosanitaria y la empresa privada quienes identificaron las prioridades para conformar una agenda integrada de investigaci\u00f3n para la prevenci\u00f3n y manejo de brotes de la Marchitez del Banano.\u00a0<\/p>\n<p style=\"text-align: justify;\">Entre los principales temas discutidos se dio cuenta de la situaci\u00f3n de la enfermedad, sistemas de diagn\u00f3stico, vigilancia y alertas fitosanitarias, y se brindaron insumos para un plan de prevenci\u00f3n, contingencia, riesgos y posibles impactos.\u00a0<\/p>\n<p style=\"text-align: justify;\">El evento fue organizado por FONTAGRO, BID Invest, el Instituto Nacional de Investigaciones Agropecuarias (INIAP) y\u00a0 AGROSAVIA.\u00a0<\/p>\n<p style=\"text-align: justify;\">Guillermo Cerritos, director ejecutivo de la Direcci\u00f3n de Ciencia y Tecnolog\u00eda Agropecuaria (DICTA), asisti\u00f3 al evento junto a Diana Mart\u00ednez, jefe de Diagn\u00f3stico del Servicio Nacional de Sanidad e Inocuidad\u00a0 Agroalimentaria (SENASA) y el director de la Fundaci\u00f3n Hondure\u00f1a de Investigaci\u00f3n Agr\u00edcola (FHIA), Adolfo Mart\u00ednez, para integrarse a los planes de trabajo y poner a Honduras en la agenda, ya que contamos con unas 13 mil hect\u00e1reas cultivadas con banano y pl\u00e1tano, representando una importante fuente en la econom\u00eda hondure\u00f1a.<\/p>\n<p>\u00a0<\/p>\t\t\t\t\t\t\t\t<\/div>\n\t\t\t\t<\/div>\n\t\t\t\t\t<\/div>\n\t\t<\/div>\n\t\t\t\t\t<\/div>\n\t\t<\/section>\n\t\t\t\t<\/div>\n\t\t","protected":false},"excerpt":{"rendered":"<p>Honduras participa en evento sobre enfermedad de pl\u00e1tano y banano Honduras participa en evento sobre enfermedad de pl\u00e1tano y banano La Marchitez del Banano causada por Fusarium oxysporum fsp. cubense (Foc R4T), en Latinoam\u00e9rica y el caribe es una enfermedad de alta peligrosidad que puede hasta causar la muerte en las plantaciones de banano.\u00a0 Actualmente &hellip;<\/p>\n<p class=\"read-more\"> <a class=\"\" href=\"https:\/\/senasa.gob.hn\/web\/2022\/02\/14\/honduras-participa-en-evento-sobre-enfermedad-de-platano-y-banano\/\"> <span class=\"screen-reader-text\">Honduras participa en evento sobre enfermedad de pl\u00e1tano y banano<\/span> Leer m\u00e1s &raquo;<\/a><\/p>\n","protected":false},"author":1,"featured_media":0,"comment_status":"open","ping_status":"open","sticky":false,"template":"","format":"standard","meta":{"ub_ctt_via":"","site-sidebar-layout":"default","site-content-layout":"default","ast-main-header-display":"","ast-hfb-above-header-display":"","ast-hfb-below-header-display":"","ast-hfb-mobile-header-display":"","site-post-title":"","ast-breadcrumbs-content":"","ast-featured-img":"","footer-sml-layout":"","theme-transparent-header-meta":"","adv-header-id-meta":"","stick-header-meta":"","header-above-stick-meta":"","header-main-stick-meta":"","header-below-stick-meta":"","footnotes":""},"categories":[1],"tags":[],"class_list":["post-4097","post","type-post","status-publish","format-standard","hentry","category-sin-categoria"],"featured_image_src":null,"author_info":{"display_name":"admin","author_link":"https:\/\/senasa.gob.hn\/web\/author\/admin\/"},"_links":{"self":[{"href":"https:\/\/senasa.gob.hn\/web\/wp-json\/wp\/v2\/posts\/4097","targetHints":{"allow":["GET"]}}],"collection":[{"href":"https:\/\/senasa.gob.hn\/web\/wp-json\/wp\/v2\/posts"}],"about":[{"href":"https:\/\/senasa.gob.hn\/web\/wp-json\/wp\/v2\/types\/post"}],"author":[{"embeddable":true,"href":"https:\/\/senasa.gob.hn\/web\/wp-json\/wp\/v2\/users\/1"}],"replies":[{"embeddable":true,"href":"https:\/\/senasa.gob.hn\/web\/wp-json\/wp\/v2\/comments?post=4097"}],"version-history":[{"count":4,"href":"https:\/\/senasa.gob.hn\/web\/wp-json\/wp\/v2\/posts\/4097\/revisions"}],"predecessor-version":[{"id":4101,"href":"https:\/\/senasa.gob.hn\/web\/wp-json\/wp\/v2\/posts\/4097\/revisions\/4101"}],"wp:attachment":[{"href":"https:\/\/senasa.gob.hn\/web\/wp-json\/wp\/v2\/media?parent=4097"}],"wp:term":[{"taxonomy":"category","embeddable":true,"href":"https:\/\/senasa.gob.hn\/web\/wp-json\/wp\/v2\/categories?post=4097"},{"taxonomy":"post_tag","embeddable":true,"href":"https:\/\/senasa.gob.hn\/web\/wp-json\/wp\/v2\/tags?post=4097"}],"curies":[{"name":"wp","href":"https:\/\/api.w.org\/{rel}","templated":true}]}}