{"id":4052,"date":"2022-02-14T00:00:09","date_gmt":"2022-02-14T00:00:09","guid":{"rendered":"https:\/\/senasa.gob.hn\/web\/?p=4052"},"modified":"2022-02-14T00:02:44","modified_gmt":"2022-02-14T00:02:44","slug":"honduras-celebra-el-seminario-internacional-de-actualizacion-avicola","status":"publish","type":"post","link":"https:\/\/senasa.gob.hn\/web\/2022\/02\/14\/honduras-celebra-el-seminario-internacional-de-actualizacion-avicola\/","title":{"rendered":"Honduras celebra el seminario Internacional de Actualizaci\u00f3n Av\u00edcola"},"content":{"rendered":"\t\t<div data-elementor-type=\"wp-post\" data-elementor-id=\"4052\" class=\"elementor elementor-4052\">\n\t\t\t\t\t\t<section class=\"elementor-section elementor-top-section elementor-element elementor-element-36db680 elementor-section-boxed elementor-section-height-default elementor-section-height-default\" data-id=\"36db680\" data-element_type=\"section\" data-e-type=\"section\">\n\t\t\t\t\t\t<div class=\"elementor-container elementor-column-gap-default\">\n\t\t\t\t\t<div class=\"elementor-column elementor-col-100 elementor-top-column elementor-element elementor-element-c6d3c8d\" data-id=\"c6d3c8d\" data-element_type=\"column\" data-e-type=\"column\">\n\t\t\t<div class=\"elementor-widget-wrap elementor-element-populated\">\n\t\t\t\t\t\t<div class=\"elementor-element elementor-element-7f290b1 elementor-widget elementor-widget-text-editor\" data-id=\"7f290b1\" data-element_type=\"widget\" data-e-type=\"widget\" data-widget_type=\"text-editor.default\">\n\t\t\t\t<div class=\"elementor-widget-container\">\n\t\t\t\t\t\t\t\t\t<p><strong>Honduras celebra el Seminario Internacional de Actualizaci\u00f3n Av\u00edcola<\/strong><\/p>\n<hr id=\"system-readmore\" \/>\n<p style=\"text-align: justify;\"><strong>San Pedro Sula<\/strong>. Productores y representantes de varias empresas av\u00edcolas Centroamericanas y del Caribe se dieron cita hoy para participar del XXV Congreso de Avicultura, evento fue organizado por la Asociaci\u00f3n Nacional de Avicultores de Honduras (ANAVIH) y la Asociaci\u00f3n Latinoamericana de Avicultura (ALA) con el prop\u00f3sito de conservar el estatus av\u00edcola, considerado como un patrimonio nacional, lo que ha permitido mantener el posicionamiento de los producto a nivel nacional e internacional.<\/p>\n<p style=\"text-align: justify;\"><img fetchpriority=\"high\" decoding=\"async\" src=\"images\/39864435_1940260376039710_3322788164216553472_n.jpg\" alt=\"39864435 1940260376039710 3322788164216553472 n\" width=\"705\" height=\"573\" \/><\/p>\n<p style=\"margin: 6px 0px; font-family: Helvetica, Arial, sans-serif; color: #1d2129; font-size: 14px; font-style: normal; font-weight: 400; letter-spacing: normal; orphans: 2; text-indent: 0px; text-transform: none; white-space: normal; widows: 2; word-spacing: 0px; background-color: #ffffff; text-align: justify;\">El evento fu\u00e9 inaugurado por Ricardo Paz, director general del Servicio Nacional de Sanidad e Inocuidad Agroalimentaria Senasa, quien expres\u00f3 que el sector av\u00edcola en Honduras es un modelo a seguir en t\u00e9rminos de organizaci\u00f3n, de trabajo en equipo, y de los logros que han alcanzado en materia sanitaria.<\/p>\n<p style=\"margin: 6px 0px; font-family: Helvetica, Arial, sans-serif; color: #1d2129; font-size: 14px; font-style: normal; font-weight: 400; letter-spacing: normal; orphans: 2; text-indent: 0px; text-transform: none; white-space: normal; widows: 2; word-spacing: 0px; background-color: #ffffff; text-align: justify;\">\u201cSomos un pa\u00eds privilegiado porque desde el 2001 hemos alcanzado un estatus diferenciado; libre de las cuatro enfermedades restrictiva al comercio como ser Influenza Aviar, Laringotraqueitis, Newcastle y Salmonelosis Aviar, eso nos posiciona con una ventaja competitiva en materia de comercio a nivel de la regi\u00f3n y de Latinoam\u00e9rica&#8221;, detall\u00f3 Paz.<\/p>\n<p style=\"margin: 6px 0px; font-family: Helvetica, Arial, sans-serif; color: #1d2129; font-size: 14px; font-style: normal; font-weight: 400; letter-spacing: normal; orphans: 2; text-indent: 0px; text-transform: none; white-space: normal; widows: 2; word-spacing: 0px; background-color: #ffffff; text-align: justify;\">Manifest\u00f3 que Senasa est\u00e1 comprometido a seguir manteniendo esa relaci\u00f3n estrecha y hacer esfuerzos mancomunados para preservar el patrimonio av\u00edcola nacional basado en una vigilancia epidemiol\u00f3gica activa y pasiva oportuna, logrando el reconocimiento nacional e internacional de un estatus libre de enfermedades y de m\u00ednimo riesgo para el pa\u00eds y los socios comerciales.<\/p>\n<p style=\"margin: 6px 0px; font-family: Helvetica, Arial, sans-serif; color: #1d2129; font-size: 14px; font-style: normal; font-weight: 400; letter-spacing: normal; orphans: 2; text-indent: 0px; text-transform: none; white-space: normal; widows: 2; word-spacing: 0px; background-color: #ffffff; text-align: justify;\">\u201cEsta alianza con entre sector privado y Senasa, nos garantiza que tenemos un producto de buena calidad, y aunque este rubro est\u00e1 bastante consolidado, el desaf\u00edo es crecer a\u00fan m\u00e1s, y estos congresos se prestan para mantenernos al d\u00eda con los avances tecnol\u00f3gicos productivos que incluye gen\u00e9tica, sanidad, manejo capacitaci\u00f3n, con el af\u00e1n de buscar siempre la eficiencia, la inversi\u00f3n y la investigaci\u00f3n,&nbsp; ejes del presente y el futuro para esta industria,&nbsp;cuya inversi\u00f3n es de arriba de los 400 millones de d\u00f3lares en infraestructura a nivel nacional, comprometidos con arraigo en nuestro pa\u00eds\u201d dijo Alberto Bogran presidente de la&nbsp; Anavih .<\/p>\n<p style=\"margin: 6px 0px; font-family: Helvetica, Arial, sans-serif; color: #1d2129; font-size: 14px; font-style: normal; font-weight: 400; letter-spacing: normal; orphans: 2; text-indent: 0px; text-transform: none; white-space: normal; widows: 2; word-spacing: 0px; background-color: #ffffff; text-align: justify;\">Tomando en cuenta que la suma del consumo de carne de pollo y de huevos se ha convertido en una de la prote\u00edna animal con mayor consumo en el pa\u00eds, en la actualidad Honduras crece hasta un 4,5% anual, generando alrededor de 100 mil empleos, beneficiando a varias familias y manteniendo activo el mercado Centroamericano en El Salvador, Guatemala y Costa Rica.&nbsp;Actualmente se est\u00e1 trabajando en el proceso final de admisibilidad al mercado de Estados Unidos y Taiw\u00e1n.<\/p>\n<p style=\"margin: 6px 0px 0px; display: inline; font-family: Helvetica, Arial, sans-serif; color: #1d2129; font-size: 14px; text-align: justify;\">El Programa Av\u00edcola Nacional est\u00e1 adscrita a la Subdirecci\u00f3n de Salud Animal del Senasa es la encragada de la emisi\u00f3n de certificados, inscripci\u00f3n de unidades de producci\u00f3n av\u00edcola, incubadoras ydistribuidoras, asi como de la vigilancia epidemiol\u00f3gica, evaluaci\u00f3n de bioseguridad en granjas e incubadoras, autorizaci\u00f3n de permisos para importaci\u00f3n de aves vivas y huevo f\u00e9rtil, campa\u00f1as de vacunaci\u00f3n entre otras&nbsp; actividades.<\/p>\n<p style=\"text-align: justify;\"><img decoding=\"async\" src=\"images\/39861809_1940260409373040_4618610721184284672_n.jpg\" alt=\"39861809 1940260409373040 4618610721184284672 n\" width=\"349\" height=\"193\" \/><img decoding=\"async\" src=\"images\/39887075_1940260462706368_9071154839651614720_n.jpg\" alt=\"39887075 1940260462706368 9071154839651614720 n\" width=\"345\" height=\"194\" \/><img loading=\"lazy\" decoding=\"async\" src=\"images\/39905947_1940260492706365_6969220122984579072_n.jpg\" alt=\"39905947 1940260492706365 6969220122984579072 n\" width=\"341\" height=\"192\" \/><\/p>\t\t\t\t\t\t\t\t<\/div>\n\t\t\t\t<\/div>\n\t\t\t\t\t<\/div>\n\t\t<\/div>\n\t\t\t\t\t<\/div>\n\t\t<\/section>\n\t\t\t\t<\/div>\n\t\t","protected":false},"excerpt":{"rendered":"<p>Honduras celebra el Seminario Internacional de Actualizaci\u00f3n Av\u00edcola San Pedro Sula. Productores y representantes de varias empresas av\u00edcolas Centroamericanas y del Caribe se dieron cita hoy para participar del XXV Congreso de Avicultura, evento fue organizado por la Asociaci\u00f3n Nacional de Avicultores de Honduras (ANAVIH) y la Asociaci\u00f3n Latinoamericana de Avicultura (ALA) con el prop\u00f3sito &hellip;<\/p>\n<p class=\"read-more\"> <a class=\"\" href=\"https:\/\/senasa.gob.hn\/web\/2022\/02\/14\/honduras-celebra-el-seminario-internacional-de-actualizacion-avicola\/\"> <span class=\"screen-reader-text\">Honduras celebra el seminario Internacional de Actualizaci\u00f3n Av\u00edcola<\/span> Leer m\u00e1s &raquo;<\/a><\/p>\n","protected":false},"author":1,"featured_media":0,"comment_status":"open","ping_status":"open","sticky":false,"template":"","format":"standard","meta":{"ub_ctt_via":"","site-sidebar-layout":"default","site-content-layout":"default","ast-main-header-display":"","ast-hfb-above-header-display":"","ast-hfb-below-header-display":"","ast-hfb-mobile-header-display":"","site-post-title":"","ast-breadcrumbs-content":"","ast-featured-img":"","footer-sml-layout":"","theme-transparent-header-meta":"","adv-header-id-meta":"","stick-header-meta":"","header-above-stick-meta":"","header-main-stick-meta":"","header-below-stick-meta":"","footnotes":""},"categories":[1],"tags":[],"class_list":["post-4052","post","type-post","status-publish","format-standard","hentry","category-sin-categoria"],"featured_image_src":null,"author_info":{"display_name":"admin","author_link":"https:\/\/senasa.gob.hn\/web\/author\/admin\/"},"_links":{"self":[{"href":"https:\/\/senasa.gob.hn\/web\/wp-json\/wp\/v2\/posts\/4052","targetHints":{"allow":["GET"]}}],"collection":[{"href":"https:\/\/senasa.gob.hn\/web\/wp-json\/wp\/v2\/posts"}],"about":[{"href":"https:\/\/senasa.gob.hn\/web\/wp-json\/wp\/v2\/types\/post"}],"author":[{"embeddable":true,"href":"https:\/\/senasa.gob.hn\/web\/wp-json\/wp\/v2\/users\/1"}],"replies":[{"embeddable":true,"href":"https:\/\/senasa.gob.hn\/web\/wp-json\/wp\/v2\/comments?post=4052"}],"version-history":[{"count":4,"href":"https:\/\/senasa.gob.hn\/web\/wp-json\/wp\/v2\/posts\/4052\/revisions"}],"predecessor-version":[{"id":4056,"href":"https:\/\/senasa.gob.hn\/web\/wp-json\/wp\/v2\/posts\/4052\/revisions\/4056"}],"wp:attachment":[{"href":"https:\/\/senasa.gob.hn\/web\/wp-json\/wp\/v2\/media?parent=4052"}],"wp:term":[{"taxonomy":"category","embeddable":true,"href":"https:\/\/senasa.gob.hn\/web\/wp-json\/wp\/v2\/categories?post=4052"},{"taxonomy":"post_tag","embeddable":true,"href":"https:\/\/senasa.gob.hn\/web\/wp-json\/wp\/v2\/tags?post=4052"}],"curies":[{"name":"wp","href":"https:\/\/api.w.org\/{rel}","templated":true}]}}