{"id":3992,"date":"2022-02-13T22:53:13","date_gmt":"2022-02-13T22:53:13","guid":{"rendered":"https:\/\/senasa.gob.hn\/web\/?p=3992"},"modified":"2022-02-13T22:55:48","modified_gmt":"2022-02-13T22:55:48","slug":"fortalecen-capacidad-de-respuesta-en-campo-en-el-sector-avicola","status":"publish","type":"post","link":"https:\/\/senasa.gob.hn\/web\/2022\/02\/13\/fortalecen-capacidad-de-respuesta-en-campo-en-el-sector-avicola\/","title":{"rendered":"Fortalecen capacidad de respuesta en campo en el sector av\u00edcola"},"content":{"rendered":"\t\t<div data-elementor-type=\"wp-post\" data-elementor-id=\"3992\" class=\"elementor elementor-3992\">\n\t\t\t\t\t\t<section class=\"elementor-section elementor-top-section elementor-element elementor-element-828d351 elementor-section-boxed elementor-section-height-default elementor-section-height-default\" data-id=\"828d351\" data-element_type=\"section\" data-e-type=\"section\">\n\t\t\t\t\t\t<div class=\"elementor-container elementor-column-gap-default\">\n\t\t\t\t\t<div class=\"elementor-column elementor-col-100 elementor-top-column elementor-element elementor-element-dad246a\" data-id=\"dad246a\" data-element_type=\"column\" data-e-type=\"column\">\n\t\t\t<div class=\"elementor-widget-wrap elementor-element-populated\">\n\t\t\t\t\t\t<div class=\"elementor-element elementor-element-853a09b elementor-widget elementor-widget-text-editor\" data-id=\"853a09b\" data-element_type=\"widget\" data-e-type=\"widget\" data-widget_type=\"text-editor.default\">\n\t\t\t\t<div class=\"elementor-widget-container\">\n\t\t\t\t\t\t\t\t\t<p><strong><img fetchpriority=\"high\" decoding=\"async\" src=\"images\/pan.jpg\" alt=\"\" width=\"534\" height=\"235\" \/><\/strong><\/p>\n<p><strong>Fortalecen\u00a0 capacidad de respuesta en campo en el sector av\u00edcola<\/strong><\/p>\n<hr id=\"system-readmore\" \/>\n<p style=\"text-align: justify;\"><strong>Tegucigalpa.- <\/strong>A fin de fortalecer las capacidades operativas y de repuesta en campo,\u00a0 personal t\u00e9cnico del Programa av\u00edcola Nacional (PAN) de la Subdirecci\u00f3n Nacional de Salud Animal del Servicio Nacional de Sanidad e Inocuidad Agroalimentaria( SENASA), fueron capacitados\u00a0 sobre Normativa, \u00a0Procedimientos y legislaci\u00f3n nacional.<\/p>\n<p style=\"text-align: justify;\">Este seminario es parte de la programaci\u00f3n de capacitaciones dentro del Proyecto de Fortalecimiento de la Vigilancia Epidemiol\u00f3gica de Influenza Aviar y la Enfermedad de Newcastle en Aves de Traspatio a Nivel Nacional y bajo el Convenio de Asistencia T\u00e9cnica y Administraci\u00f3n de Fondos provenientes del Programa Alimentos para el Progreso del Departamento de Agricultura de los Estados Unidos (USDA).<\/p>\n<p style=\"text-align: justify;\">Los temas expuestos fueron procedimientos cuarentenarios, toma, env\u00edo y recepci\u00f3n de muestras de laboratorio, control y erradicaci\u00f3n de los brotes de enfermedades aviares as\u00ed como medidas de bioseguridad en granjas av\u00edcolas.<\/p>\n<p style=\"text-align: justify;\"><img decoding=\"async\" src=\"images\/orlin_ramirez.jpg\" alt=\"\" width=\"324\" height=\"240\" \/><\/p>\n<p style=\"text-align: justify;\">El taller\u00a0 estuvo presente Orlin Ram\u00edrez, Director General por Delegaci\u00f3n de SENASA, quien durante su participaci\u00f3n, motivo al equipo t\u00e9cnico a continuar con entusiasmo, entrega y profesionalismo en el \u00e1rea de la salud animal, especialmente en el rubro de la avicultura.<\/p>\n<p style=\"text-align: justify;\">Marco Antonio Baquedano, Coordinador Nacional del PAN, expres\u00f3 que \u201cnuestro compromiso es fortalecer las capacidades operativas del programa en todo el territorio nacional, que nos permita continuar con la prevenci\u00f3n, control y erradicaci\u00f3n de enfermedades que puedan afectar el estatus av\u00edcola nacional\u201d.<\/p>\n<p style=\"text-align: justify;\">Agreg\u00f3, que el programa funciona en los lugares de mayor poblaci\u00f3n av\u00edcola como ser la zona noroccidental, occidental, centro y oriente del pa\u00eds, \u201ctenemos 20 t\u00e9cnicos distribuidos en 10 brigadas quienes realizan asistencia en granjas\u201d.<\/p>\n<p style=\"text-align: justify;\">Astrid Encina, Jefe de Asesor\u00eda Legal de SENASA,\u00a0 se\u00f1al\u00f3 que \u201cnuestra participaci\u00f3n se bas\u00f3 en exponer a los t\u00e9cnicos los cambios que han habido en la legislaci\u00f3n av\u00edcola para que puedan implementarla en sus actividades diarias\u201d.<\/p>\n<p style=\"text-align: justify;\"><img decoding=\"async\" src=\"images\/Encina.jpg\" alt=\"\" width=\"303\" height=\"218\" \/><\/p>\n<p style=\"text-align: justify;\">Encina, exterioriz\u00f3 que dentro de esos cambios positivos fue adaptar la legislaci\u00f3n nacional a la realidad del sector av\u00edcola, estableciendo nuevos requisitos para la inscripci\u00f3n de distribuidoras de aves, aves de combate, y una disposici\u00f3n transitoria para aquellas granjas que anteriormente, no cumpl\u00edan con la distancia puedan legalizar su operaci\u00f3n a trav\u00e9s de una disposici\u00f3n transitoria, siempre y cuando\u00a0 tengan un nivel de bioseguridad de un 90%\u00a0 y de esta manera disminuir los riesgos en sus operaciones.<\/p>\n<p style=\"text-align: justify;\">Estas actividades fortalecen a\u00fan m\u00e1s al programa, de igual manera a la industria av\u00edcola ya que viabiliza las explotaciones que no estaban anteriormente legalizadas, esto es parte de un mecanismo de simplificaci\u00f3n administrativa que impulsa el gobierno de la rep\u00fablica.<\/p>\n<p>Tambi\u00e9n, \u00a0otro aporte en el reglamento nuevo es que se han estratificado las multas las cuales antes ten\u00edan un solo monto, mismas que ahora est\u00e1n categorizadas de acuerdo a la cantidad de producci\u00f3n de aves que tienen en las explotaciones y de esta manera ayudan a que los de menor capacidad tengan una multa m\u00e1s accesible.<\/p>\t\t\t\t\t\t\t\t<\/div>\n\t\t\t\t<\/div>\n\t\t\t\t\t<\/div>\n\t\t<\/div>\n\t\t\t\t\t<\/div>\n\t\t<\/section>\n\t\t\t\t<\/div>\n\t\t","protected":false},"excerpt":{"rendered":"<p>Fortalecen\u00a0 capacidad de respuesta en campo en el sector av\u00edcola Tegucigalpa.- A fin de fortalecer las capacidades operativas y de repuesta en campo,\u00a0 personal t\u00e9cnico del Programa av\u00edcola Nacional (PAN) de la Subdirecci\u00f3n Nacional de Salud Animal del Servicio Nacional de Sanidad e Inocuidad Agroalimentaria( SENASA), fueron capacitados\u00a0 sobre Normativa, \u00a0Procedimientos y legislaci\u00f3n nacional. Este &hellip;<\/p>\n<p class=\"read-more\"> <a class=\"\" href=\"https:\/\/senasa.gob.hn\/web\/2022\/02\/13\/fortalecen-capacidad-de-respuesta-en-campo-en-el-sector-avicola\/\"> <span class=\"screen-reader-text\">Fortalecen capacidad de respuesta en campo en el sector av\u00edcola<\/span> Leer m\u00e1s &raquo;<\/a><\/p>\n","protected":false},"author":1,"featured_media":0,"comment_status":"open","ping_status":"open","sticky":false,"template":"","format":"standard","meta":{"ub_ctt_via":"","site-sidebar-layout":"default","site-content-layout":"default","ast-main-header-display":"","ast-hfb-above-header-display":"","ast-hfb-below-header-display":"","ast-hfb-mobile-header-display":"","site-post-title":"","ast-breadcrumbs-content":"","ast-featured-img":"","footer-sml-layout":"","theme-transparent-header-meta":"","adv-header-id-meta":"","stick-header-meta":"","header-above-stick-meta":"","header-main-stick-meta":"","header-below-stick-meta":"","footnotes":""},"categories":[1],"tags":[],"class_list":["post-3992","post","type-post","status-publish","format-standard","hentry","category-sin-categoria"],"featured_image_src":null,"author_info":{"display_name":"admin","author_link":"https:\/\/senasa.gob.hn\/web\/author\/admin\/"},"_links":{"self":[{"href":"https:\/\/senasa.gob.hn\/web\/wp-json\/wp\/v2\/posts\/3992","targetHints":{"allow":["GET"]}}],"collection":[{"href":"https:\/\/senasa.gob.hn\/web\/wp-json\/wp\/v2\/posts"}],"about":[{"href":"https:\/\/senasa.gob.hn\/web\/wp-json\/wp\/v2\/types\/post"}],"author":[{"embeddable":true,"href":"https:\/\/senasa.gob.hn\/web\/wp-json\/wp\/v2\/users\/1"}],"replies":[{"embeddable":true,"href":"https:\/\/senasa.gob.hn\/web\/wp-json\/wp\/v2\/comments?post=3992"}],"version-history":[{"count":4,"href":"https:\/\/senasa.gob.hn\/web\/wp-json\/wp\/v2\/posts\/3992\/revisions"}],"predecessor-version":[{"id":3996,"href":"https:\/\/senasa.gob.hn\/web\/wp-json\/wp\/v2\/posts\/3992\/revisions\/3996"}],"wp:attachment":[{"href":"https:\/\/senasa.gob.hn\/web\/wp-json\/wp\/v2\/media?parent=3992"}],"wp:term":[{"taxonomy":"category","embeddable":true,"href":"https:\/\/senasa.gob.hn\/web\/wp-json\/wp\/v2\/categories?post=3992"},{"taxonomy":"post_tag","embeddable":true,"href":"https:\/\/senasa.gob.hn\/web\/wp-json\/wp\/v2\/tags?post=3992"}],"curies":[{"name":"wp","href":"https:\/\/api.w.org\/{rel}","templated":true}]}}