{"id":3832,"date":"2022-02-13T19:54:49","date_gmt":"2022-02-13T19:54:49","guid":{"rendered":"https:\/\/senasa.gob.hn\/web\/?p=3832"},"modified":"2022-02-13T19:57:24","modified_gmt":"2022-02-13T19:57:24","slug":"en-intibuca-senasa-y-dicta-descartan-presencia-de-nueva-plaga-en-cultivos-de-papa","status":"publish","type":"post","link":"https:\/\/senasa.gob.hn\/web\/2022\/02\/13\/en-intibuca-senasa-y-dicta-descartan-presencia-de-nueva-plaga-en-cultivos-de-papa\/","title":{"rendered":"En Intibuc\u00e1: SENASA y DICTA descartan presencia de nueva plaga en cultivos de papa"},"content":{"rendered":"\t\t<div data-elementor-type=\"wp-post\" data-elementor-id=\"3832\" class=\"elementor elementor-3832\">\n\t\t\t\t\t\t<section class=\"elementor-section elementor-top-section elementor-element elementor-element-525ef54 elementor-section-boxed elementor-section-height-default elementor-section-height-default\" data-id=\"525ef54\" data-element_type=\"section\" data-e-type=\"section\">\n\t\t\t\t\t\t<div class=\"elementor-container elementor-column-gap-default\">\n\t\t\t\t\t<div class=\"elementor-column elementor-col-100 elementor-top-column elementor-element elementor-element-0e18f43\" data-id=\"0e18f43\" data-element_type=\"column\" data-e-type=\"column\">\n\t\t\t<div class=\"elementor-widget-wrap elementor-element-populated\">\n\t\t\t\t\t\t<div class=\"elementor-element elementor-element-071cc2b elementor-widget elementor-widget-text-editor\" data-id=\"071cc2b\" data-element_type=\"widget\" data-e-type=\"widget\" data-widget_type=\"text-editor.default\">\n\t\t\t\t<div class=\"elementor-widget-container\">\n\t\t\t\t\t\t\t\t\t<p><img decoding=\"async\" src=\"images\/papa_Intibuca.jpeg\" alt=\"\" \/><\/p>\n<p>En Intibuc\u00e1:<\/p>\n<p><strong>SENASA y DICTA descartan presencia de nueva plaga en cultivos de papa<\/strong><\/p>\n<hr id=\"system-readmore\" \/>\n<p style=\"text-align: justify;\">Intibuc\u00e1.\u00a0 Autoridades del Servicio Nacional de Sanidad e Inocuidad Agroalimentaria (SENASA) y de la Direcci\u00f3n\u00a0 de Ciencia y Tecnolog\u00eda\u00a0 (DICTA) descartan la presencia de nueva plaga en cultivos de papa en ese departamento.<\/p>\n<p style=\"text-align: justify;\">\u201cAtendimos denuncia de un productor de la zona, quien recientemente manifest\u00f3, su preocupaci\u00f3n al observar la presencia de supuesta plaga de chinches en sus parcelas de papas,\u00a0 nuestro oficial Fitosanitario asignado en la regi\u00f3n, con el apoyo de DICTA y la Red Hort\u00edcola, realizaron una visita in situ, con el fin de verificar la presencia o no de plaga\u201d, dijo Diana Mart\u00ednez Jefe del Departamento de Diagnostico Vigilancia y Campa\u00f1as Fitosanitarias de SENASA.\u00a0<\/p>\n<p style=\"text-align: justify;\">Mart\u00ednez, agreg\u00f3 que \u201cdescartamos la presencia de chinches, lo que existe es una m\u00ednima presencia de un insecto cole\u00f3ptero conocida como \u201cla Botellita\u201d, especie que desde el a\u00f1o 2006 fue identificada oficialmente por el SENASA, sin registrar da\u00f1os significativos en la producci\u00f3n hort\u00edcola .<\/p>\n<p style=\"text-align: justify;\">Seg\u00fan el informe\u00a0 d los t\u00e9cnicos, William Garc\u00eda Oficial Fitosanitario de SENASA, Emanuel Hern\u00e1ndez Coordinador Departamental DICTA y Carlos Valladares de la Red Hort\u00edcola quienes forman parte del Comit\u00e9 de la Cadena de Papa,\u00a0 durante la visita se realiz\u00f3 el monitoreo pertinente, implementando metodolog\u00eda de muestreo espec\u00edficas para la detecci\u00f3n de plagas insectiles en el sitio de producci\u00f3n donde se report\u00f3 el problema.\u00a0<\/p>\n<p style=\"text-align: justify;\">Como resultado de la actividad, tambi\u00e9n se identific\u00f3 que el cultivo de papa est\u00e1 en \u00f3ptimo desarrollo vegetativo, el productor s\u00f3lo realiza aplicaciones de productos para control de plagas a intervalos de plaguicidas cada 8 d\u00edas por lo cual dicha condici\u00f3n hace que el cultivo sea vulnerable al ataque de plagas de importancia econ\u00f3mica como ser\u00a0 la Paratrioza, Minador y dem\u00e1s de plagas ocasionales como la Botellita, la cual fue identificada en el sitio durante el monitoreo.<\/p>\n<p><img decoding=\"async\" src=\"images\/papa_intibuca_4.jpeg\" alt=\"\" \/><\/p>\n<p style=\"text-align: justify;\">Recomendaciones<\/p>\n<p style=\"text-align: justify;\">Durante la visita adem\u00e1s se recomend\u00f3 al productor realizar muestreos continuos en la parcela de papa, dependiendo los resultados de los mismos utilizar productos para el control, utilizar intervalos de aplicaci\u00f3n de plaguicidas\u00a0 m\u00e1s cortos, rotar plaguicidas tomando en cuenta su ingrediente activo y no realizar el desbrote de la semilla certificada por segunda vez.<\/p>\n<p style=\"text-align: justify;\">Por su parte, don Bertilio Gonz\u00e1les Presidente de la Asociaci\u00f3n de Productores de Papas Ind\u00edgenas Lenca (APRIIL) y due\u00f1o de la parcela de papa visitada, ubicada en la Aldea Rio Grande, municipio de Intibuc\u00e1 , manifest\u00f3 que \u201crecib\u00ed a los t\u00e9cnicos de SENASA y DICTA, y Red Hort\u00edcola\u00a0 quienes me visitaron para ver la plaga, me indicaron que se trata de un insecto cole\u00f3ptero, el cual es conocido en la zona, lo que pas\u00f3 es que en esta parcela nunca hab\u00eda aparecido,\u00a0 pero esta tiene control y puede destruirse con insecticidas, en ese sentido descartamos problemas por presencia de chinches\u201d.<\/p>\n<p style=\"text-align: justify;\">Dato\u00a0\u00a0\u00a0\u00a0<\/p>\n<p style=\"text-align: justify;\">La plaga \u201cBotellita, Bicho Moro o Vaquilla\u201d es una especie de cole\u00f3ptero de la familia Meloidae cuyo nombre cient\u00edfico Epicauta vittata, la misma es com\u00fan en la zona y se alimenta de una variedad de plantas, como las de las familias Solan\u00e1ceas y Amarant\u00e1ceas, y est\u00e1 presente en Honduras desde el siglo XX, misma que se encuentra oficialmente reportada por SENASA- Honduras.\u00a0<\/p>\n<p style=\"text-align: justify;\">La papa es el cultivo hort\u00edcola uno de lo que m\u00e1s se produce a nivel mundial, el cultivo de papa en Honduras est\u00e1 concentrado en los departamentos de Intibuc\u00e1, Ocotepeque, La Paz y Francisco Moraz\u00e1n, el cultivo de papa de Intibuc\u00e1 representa el 93 % a nivel nacional.<\/p>\n<p style=\"text-align: justify;\">\u00a0<\/p>\t\t\t\t\t\t\t\t<\/div>\n\t\t\t\t<\/div>\n\t\t\t\t\t<\/div>\n\t\t<\/div>\n\t\t\t\t\t<\/div>\n\t\t<\/section>\n\t\t\t\t<\/div>\n\t\t","protected":false},"excerpt":{"rendered":"<p>En Intibuc\u00e1: SENASA y DICTA descartan presencia de nueva plaga en cultivos de papa Intibuc\u00e1.\u00a0 Autoridades del Servicio Nacional de Sanidad e Inocuidad Agroalimentaria (SENASA) y de la Direcci\u00f3n\u00a0 de Ciencia y Tecnolog\u00eda\u00a0 (DICTA) descartan la presencia de nueva plaga en cultivos de papa en ese departamento. \u201cAtendimos denuncia de un productor de la zona, &hellip;<\/p>\n<p class=\"read-more\"> <a class=\"\" href=\"https:\/\/senasa.gob.hn\/web\/2022\/02\/13\/en-intibuca-senasa-y-dicta-descartan-presencia-de-nueva-plaga-en-cultivos-de-papa\/\"> <span class=\"screen-reader-text\">En Intibuc\u00e1: SENASA y DICTA descartan presencia de nueva plaga en cultivos de papa<\/span> Leer m\u00e1s &raquo;<\/a><\/p>\n","protected":false},"author":1,"featured_media":0,"comment_status":"open","ping_status":"open","sticky":false,"template":"","format":"standard","meta":{"ub_ctt_via":"","site-sidebar-layout":"default","site-content-layout":"default","ast-main-header-display":"","ast-hfb-above-header-display":"","ast-hfb-below-header-display":"","ast-hfb-mobile-header-display":"","site-post-title":"","ast-breadcrumbs-content":"","ast-featured-img":"","footer-sml-layout":"","theme-transparent-header-meta":"","adv-header-id-meta":"","stick-header-meta":"","header-above-stick-meta":"","header-main-stick-meta":"","header-below-stick-meta":"","footnotes":""},"categories":[1],"tags":[],"class_list":["post-3832","post","type-post","status-publish","format-standard","hentry","category-sin-categoria"],"featured_image_src":null,"author_info":{"display_name":"admin","author_link":"https:\/\/senasa.gob.hn\/web\/author\/admin\/"},"_links":{"self":[{"href":"https:\/\/senasa.gob.hn\/web\/wp-json\/wp\/v2\/posts\/3832","targetHints":{"allow":["GET"]}}],"collection":[{"href":"https:\/\/senasa.gob.hn\/web\/wp-json\/wp\/v2\/posts"}],"about":[{"href":"https:\/\/senasa.gob.hn\/web\/wp-json\/wp\/v2\/types\/post"}],"author":[{"embeddable":true,"href":"https:\/\/senasa.gob.hn\/web\/wp-json\/wp\/v2\/users\/1"}],"replies":[{"embeddable":true,"href":"https:\/\/senasa.gob.hn\/web\/wp-json\/wp\/v2\/comments?post=3832"}],"version-history":[{"count":4,"href":"https:\/\/senasa.gob.hn\/web\/wp-json\/wp\/v2\/posts\/3832\/revisions"}],"predecessor-version":[{"id":3836,"href":"https:\/\/senasa.gob.hn\/web\/wp-json\/wp\/v2\/posts\/3832\/revisions\/3836"}],"wp:attachment":[{"href":"https:\/\/senasa.gob.hn\/web\/wp-json\/wp\/v2\/media?parent=3832"}],"wp:term":[{"taxonomy":"category","embeddable":true,"href":"https:\/\/senasa.gob.hn\/web\/wp-json\/wp\/v2\/categories?post=3832"},{"taxonomy":"post_tag","embeddable":true,"href":"https:\/\/senasa.gob.hn\/web\/wp-json\/wp\/v2\/tags?post=3832"}],"curies":[{"name":"wp","href":"https:\/\/api.w.org\/{rel}","templated":true}]}}