{"id":3817,"date":"2022-02-13T19:38:09","date_gmt":"2022-02-13T19:38:09","guid":{"rendered":"https:\/\/senasa.gob.hn\/web\/?p=3817"},"modified":"2022-02-13T19:40:42","modified_gmt":"2022-02-13T19:40:42","slug":"en-francisco-morazan-citricultores-recibiran-asistencia-tecnica-de-la-sag","status":"publish","type":"post","link":"https:\/\/senasa.gob.hn\/web\/2022\/02\/13\/en-francisco-morazan-citricultores-recibiran-asistencia-tecnica-de-la-sag\/","title":{"rendered":"En Francisco Moraz\u00e1n citricultores recibir\u00e1n asistencia t\u00e9cnica de la SAG"},"content":{"rendered":"\t\t<div data-elementor-type=\"wp-post\" data-elementor-id=\"3817\" class=\"elementor elementor-3817\">\n\t\t\t\t\t\t<section class=\"elementor-section elementor-top-section elementor-element elementor-element-aa7f2cc elementor-section-boxed elementor-section-height-default elementor-section-height-default\" data-id=\"aa7f2cc\" data-element_type=\"section\" data-e-type=\"section\">\n\t\t\t\t\t\t<div class=\"elementor-container elementor-column-gap-default\">\n\t\t\t\t\t<div class=\"elementor-column elementor-col-100 elementor-top-column elementor-element elementor-element-5e40f8d\" data-id=\"5e40f8d\" data-element_type=\"column\" data-e-type=\"column\">\n\t\t\t<div class=\"elementor-widget-wrap elementor-element-populated\">\n\t\t\t\t\t\t<div class=\"elementor-element elementor-element-fb048a1 elementor-widget elementor-widget-text-editor\" data-id=\"fb048a1\" data-element_type=\"widget\" data-e-type=\"widget\" data-widget_type=\"text-editor.default\">\n\t\t\t\t<div class=\"elementor-widget-container\">\n\t\t\t\t\t\t\t\t\t<p><img fetchpriority=\"high\" decoding=\"async\" src=\"images\/MATA-DE-PLATANO-3.jpg\" alt=\"\" width=\"567\" height=\"282\" \/><\/p>\n<p style=\"margin: 0px 0px 6px; display: block; font-family: Helvetica, Arial, sans-serif; color: #1d2129; font-size: 14px; font-style: normal; font-weight: 400; letter-spacing: normal; orphans: 2; text-align: start; text-indent: 0px; text-transform: none; white-space: normal; widows: 2; word-spacing: 0px; background-color: #ffffff;\"><span style=\"font-size: 12pt;\">En Francisco Moraz\u00e1n<\/span><\/p>\n<p style=\"margin: 6px 0px; font-family: Helvetica, Arial, sans-serif; color: #1d2129; font-size: 14px; font-style: normal; font-weight: 400; letter-spacing: normal; orphans: 2; text-align: start; text-indent: 0px; text-transform: none; white-space: normal; widows: 2; word-spacing: 0px; background-color: #ffffff;\"><strong><span style=\"font-size: 12pt;\">Citricultores recibir\u00e1n asistencia t\u00e9cnica de la SAG<\/span><\/strong><\/p>\n<hr id=\"system-readmore\" \/>\n<p>Con el prop\u00f3sito de coordinar acciones de emergencia para el manejo integrado de plagas en el cultivo de mandarina y lim\u00f3n y conocer in situ la problem\u00e1tica que afecta la producci\u00f3n, autoridades de la Secretar\u00eda de Agricultura y Ganader\u00eda (SAG) se reunieron con representantes de la Asociaci\u00f3n de C\u00edtricos de Francisco Moraz\u00e1n (ACIFAM).<\/p>\n<div class=\"text_exposed_show\" style=\"display: inline; font-family: Helvetica, Arial, sans-serif; color: #1d2129; font-size: 14px; font-style: normal; font-weight: 400; letter-spacing: normal; orphans: 2; text-align: start; text-indent: 0px; text-transform: none; white-space: normal; widows: 2; word-spacing: 0px; background-color: #ffffff;\">\n<p style=\"margin: 0px 0px 6px; font-family: inherit; text-align: justify;\">La SAG a trav\u00e9s del Servicio el Servicio Nacional de Sanidad e Inocuidad Agroalimentaria (SENASA), la Direcci\u00f3n de Ciencia y Tecnolog\u00eda (DICTA), con el apoyo del Organismo Internacional Regional de Sanidad Agropecuaria OIRSA, visitaron los municipios de Mata de Pl\u00e1tano y San Ignacio donde dialogaron con m\u00e1s de 160 productores citr\u00edcolas.<\/p>\n<p><img decoding=\"async\" src=\"images\/MATA-DE-PLATANO-2.jpg\" alt=\"\" width=\"424\" height=\"497\" \/><\/p>\n<p style=\"margin: 6px 0px; font-family: inherit; text-align: justify;\">En la misma participaron agricultores de los municipios de Guaymaca, Cantarranas, Tatumbla, San Antonio de Oriente, Cedros y el Distrito Central, quienes de manera unificada dieron a conocer la situaci\u00f3n actual de sus cultivos, y su interes en contar con asesor\u00eda tecnica para lograr combatir la presencia de plagas y enfermedades; adem\u00e1s de su inter\u00e9s de buscar estrategias de mercado que les ayude a comercializar y vender a un mejor precio la fruta que producen.<\/p>\n<p style=\"margin: 6px 0px; font-family: inherit; text-align: justify;\">La reuni\u00f3n fue presidida por Kurt Schumacher Subdirector General de Sanidad vegetal, Carlos Ferrera Asesor T\u00e9cnico, de la Direcci\u00f3n General, Diana Mart\u00ednez Jefe del Departamento de Diagnostico y Campa\u00f1as Fitosanitarias, Samy C\u00e1ceres Oficial Fitosanitario de SENASA, David Wainwright asistente del Viceministro de Agricultura de la SAG, Elizabeth Santacreo, encargada de frutales en DICTA y Javier Vel\u00e1squez Oficial Agrosanitario de OIRSA.<\/p>\n<p><img decoding=\"async\" src=\"images\/MATA-DE-PLATANO-1.jpg\" alt=\"\" width=\"429\" height=\"388\" \/><\/p>\n<p style=\"margin: 6px 0px; font-family: inherit; text-align: justify;\">Los productores se mostraron muy receptivos en cumplir con las recomendaciones que los especialistas de la SAG, estar\u00e1n brind\u00e1ndoles mediante la asistencia t\u00e9cnica, as\u00ed como la implementaci\u00f3n de un plan de manejo integrado para el control de plagas y enfermedades en sus plantaciones afectadas.<\/p>\n<p style=\"margin: 6px 0px; font-family: inherit; text-align: justify;\">Durante este encuentro Odalis Mart\u00ednez Secretaria de ACIFAM enfatiz\u00f3 sobre la importancia que tiene este acercamiento con la SAG y que todos los productores est\u00e9n dentro de la organizaci\u00f3n ya que esto les permitir\u00e1 canalizar m\u00e1s apoyo en la parte de asesor\u00eda t\u00e9cnica y la comercializaci\u00f3n de la producci\u00f3n.<\/p>\n<p style=\"margin: 6px 0px; font-family: inherit; text-align: justify;\"><strong>Datos<\/strong><\/p>\n<p style=\"margin: 6px 0px; font-family: inherit; text-align: justify;\">Seg\u00fan datos proporcionados por los productores a las autoridades de la SAG se estima que existe una \u00e1rea de producci\u00f3n de 1000 manzanas del cultivo de mandarina en la zona de Mata de Pl\u00e1tano, las cuales en su mayor\u00eda est\u00e1n siendo afectadas por plagas.<\/p>\n<p style=\"margin: 6px 0px; font-family: inherit; text-align: justify;\">De igual manera en la localidad de San Ignacio se cuenta con alrededor de unas 120 manzanas de lim\u00f3n persa con iguales condiciones fitosanitarias.<\/p>\n<p style=\"margin: 6px 0px; font-family: inherit; text-align: justify;\">En ese sentido la SAG y ACIFAM trabajaran de manera coordinada con los productores a fin de implementar el plan de manejo de manera inmediata que permita solventar la situaci\u00f3n.<\/p>\n<\/div>\t\t\t\t\t\t\t\t<\/div>\n\t\t\t\t<\/div>\n\t\t\t\t\t<\/div>\n\t\t<\/div>\n\t\t\t\t\t<\/div>\n\t\t<\/section>\n\t\t\t\t<\/div>\n\t\t","protected":false},"excerpt":{"rendered":"<p>En Francisco Moraz\u00e1n Citricultores recibir\u00e1n asistencia t\u00e9cnica de la SAG Con el prop\u00f3sito de coordinar acciones de emergencia para el manejo integrado de plagas en el cultivo de mandarina y lim\u00f3n y conocer in situ la problem\u00e1tica que afecta la producci\u00f3n, autoridades de la Secretar\u00eda de Agricultura y Ganader\u00eda (SAG) se reunieron con representantes de &hellip;<\/p>\n<p class=\"read-more\"> <a class=\"\" href=\"https:\/\/senasa.gob.hn\/web\/2022\/02\/13\/en-francisco-morazan-citricultores-recibiran-asistencia-tecnica-de-la-sag\/\"> <span class=\"screen-reader-text\">En Francisco Moraz\u00e1n citricultores recibir\u00e1n asistencia t\u00e9cnica de la SAG<\/span> Leer m\u00e1s &raquo;<\/a><\/p>\n","protected":false},"author":1,"featured_media":0,"comment_status":"open","ping_status":"open","sticky":false,"template":"","format":"standard","meta":{"ub_ctt_via":"","site-sidebar-layout":"default","site-content-layout":"default","ast-main-header-display":"","ast-hfb-above-header-display":"","ast-hfb-below-header-display":"","ast-hfb-mobile-header-display":"","site-post-title":"","ast-breadcrumbs-content":"","ast-featured-img":"","footer-sml-layout":"","theme-transparent-header-meta":"","adv-header-id-meta":"","stick-header-meta":"","header-above-stick-meta":"","header-main-stick-meta":"","header-below-stick-meta":"","footnotes":""},"categories":[1],"tags":[],"class_list":["post-3817","post","type-post","status-publish","format-standard","hentry","category-sin-categoria"],"featured_image_src":null,"author_info":{"display_name":"admin","author_link":"https:\/\/senasa.gob.hn\/web\/author\/admin\/"},"_links":{"self":[{"href":"https:\/\/senasa.gob.hn\/web\/wp-json\/wp\/v2\/posts\/3817","targetHints":{"allow":["GET"]}}],"collection":[{"href":"https:\/\/senasa.gob.hn\/web\/wp-json\/wp\/v2\/posts"}],"about":[{"href":"https:\/\/senasa.gob.hn\/web\/wp-json\/wp\/v2\/types\/post"}],"author":[{"embeddable":true,"href":"https:\/\/senasa.gob.hn\/web\/wp-json\/wp\/v2\/users\/1"}],"replies":[{"embeddable":true,"href":"https:\/\/senasa.gob.hn\/web\/wp-json\/wp\/v2\/comments?post=3817"}],"version-history":[{"count":4,"href":"https:\/\/senasa.gob.hn\/web\/wp-json\/wp\/v2\/posts\/3817\/revisions"}],"predecessor-version":[{"id":3821,"href":"https:\/\/senasa.gob.hn\/web\/wp-json\/wp\/v2\/posts\/3817\/revisions\/3821"}],"wp:attachment":[{"href":"https:\/\/senasa.gob.hn\/web\/wp-json\/wp\/v2\/media?parent=3817"}],"wp:term":[{"taxonomy":"category","embeddable":true,"href":"https:\/\/senasa.gob.hn\/web\/wp-json\/wp\/v2\/categories?post=3817"},{"taxonomy":"post_tag","embeddable":true,"href":"https:\/\/senasa.gob.hn\/web\/wp-json\/wp\/v2\/tags?post=3817"}],"curies":[{"name":"wp","href":"https:\/\/api.w.org\/{rel}","templated":true}]}}