{"id":3787,"date":"2022-02-13T19:04:40","date_gmt":"2022-02-13T19:04:40","guid":{"rendered":"https:\/\/senasa.gob.hn\/web\/?p=3787"},"modified":"2022-02-13T19:07:14","modified_gmt":"2022-02-13T19:07:14","slug":"en-agosto-se-hara-primera-importacion-de-toros-de-la-raza-angus-rojo","status":"publish","type":"post","link":"https:\/\/senasa.gob.hn\/web\/2022\/02\/13\/en-agosto-se-hara-primera-importacion-de-toros-de-la-raza-angus-rojo\/","title":{"rendered":"En agosto se har\u00e1 primera importaci\u00f3n de toros de la raza Angus Rojo"},"content":{"rendered":"\t\t<div data-elementor-type=\"wp-post\" data-elementor-id=\"3787\" class=\"elementor elementor-3787\">\n\t\t\t\t\t\t<section class=\"elementor-section elementor-top-section elementor-element elementor-element-c31a50b elementor-section-boxed elementor-section-height-default elementor-section-height-default\" data-id=\"c31a50b\" data-element_type=\"section\" data-e-type=\"section\">\n\t\t\t\t\t\t<div class=\"elementor-container elementor-column-gap-default\">\n\t\t\t\t\t<div class=\"elementor-column elementor-col-100 elementor-top-column elementor-element elementor-element-947bda8\" data-id=\"947bda8\" data-element_type=\"column\" data-e-type=\"column\">\n\t\t\t<div class=\"elementor-widget-wrap elementor-element-populated\">\n\t\t\t\t\t\t<div class=\"elementor-element elementor-element-5d90ee1 elementor-widget elementor-widget-text-editor\" data-id=\"5d90ee1\" data-element_type=\"widget\" data-e-type=\"widget\" data-widget_type=\"text-editor.default\">\n\t\t\t\t<div class=\"elementor-widget-container\">\n\t\t\t\t\t\t\t\t\t<p><img fetchpriority=\"high\" decoding=\"async\" src=\"images\/ANGUS-ROJO-2.jpg\" alt=\"\" width=\"496\" height=\"337\" \/><\/p>\n<p><strong>En agosto se har\u00e1 primera importaci\u00f3n de toros de la raza Angus Rojo<\/strong><\/p>\n<p>Para la primera semana de agosto se tiene programada la primera importaci\u00f3n de toros de la raza Angus Rojo proveniente de Estados Unidos,&nbsp; esto con la colaboraci\u00f3n de la Universidad de Texas Tech, la C\u00e1mara de Fomento Ganadero de Honduras (Cafogah), y la Federaci\u00f3n Nacional de Agricultores y Ganaderos de Honduras (Fenagh).<\/p>\n<p><img decoding=\"async\" src=\"images\/ANGUS-ROJO-4.jpg\" alt=\"\" width=\"502\" height=\"459\" \/><\/p>\n<p>En ese sentido, en Puerto Cortes&nbsp; autoridades del Servicio Nacional de Sanidad e Inocuidad Agroalimentaria (Senasa), liderada por Ricardo Paz y representantes de la&nbsp; Operadora Portuaria Centroamericana (OPC), el Servicio&nbsp; de Protecci\u00f3n Agropecuaria (Sepa), el Servicio Internacional de Tratamientos Cuarentenarios (Sitc), del Organismo Internacional&nbsp; Regional de Sanidad Agropecuaria (OIRSA), analizan temas log\u00edsticos relacionados a la primera importaci\u00f3n.<\/p>\n<p>&#8220;Esperamos que este esfuerzo privado con el acompa\u00f1amiento del sector oficial a trav\u00e9s de Senasa, sea un \u00e9xito m\u00e1s para el crecimiento y mejora del sector ganadero de Honduras&#8221;, expres\u00f3 Paz.<\/p>\t\t\t\t\t\t\t\t<\/div>\n\t\t\t\t<\/div>\n\t\t\t\t\t<\/div>\n\t\t<\/div>\n\t\t\t\t\t<\/div>\n\t\t<\/section>\n\t\t\t\t<\/div>\n\t\t","protected":false},"excerpt":{"rendered":"<p>En agosto se har\u00e1 primera importaci\u00f3n de toros de la raza Angus Rojo Para la primera semana de agosto se tiene programada la primera importaci\u00f3n de toros de la raza Angus Rojo proveniente de Estados Unidos,&nbsp; esto con la colaboraci\u00f3n de la Universidad de Texas Tech, la C\u00e1mara de Fomento Ganadero de Honduras (Cafogah), y &hellip;<\/p>\n<p class=\"read-more\"> <a class=\"\" href=\"https:\/\/senasa.gob.hn\/web\/2022\/02\/13\/en-agosto-se-hara-primera-importacion-de-toros-de-la-raza-angus-rojo\/\"> <span class=\"screen-reader-text\">En agosto se har\u00e1 primera importaci\u00f3n de toros de la raza Angus Rojo<\/span> Leer m\u00e1s &raquo;<\/a><\/p>\n","protected":false},"author":1,"featured_media":0,"comment_status":"open","ping_status":"open","sticky":false,"template":"","format":"standard","meta":{"ub_ctt_via":"","site-sidebar-layout":"default","site-content-layout":"default","ast-main-header-display":"","ast-hfb-above-header-display":"","ast-hfb-below-header-display":"","ast-hfb-mobile-header-display":"","site-post-title":"","ast-breadcrumbs-content":"","ast-featured-img":"","footer-sml-layout":"","theme-transparent-header-meta":"","adv-header-id-meta":"","stick-header-meta":"","header-above-stick-meta":"","header-main-stick-meta":"","header-below-stick-meta":"","footnotes":""},"categories":[1],"tags":[],"class_list":["post-3787","post","type-post","status-publish","format-standard","hentry","category-sin-categoria"],"featured_image_src":null,"author_info":{"display_name":"admin","author_link":"https:\/\/senasa.gob.hn\/web\/author\/admin\/"},"_links":{"self":[{"href":"https:\/\/senasa.gob.hn\/web\/wp-json\/wp\/v2\/posts\/3787","targetHints":{"allow":["GET"]}}],"collection":[{"href":"https:\/\/senasa.gob.hn\/web\/wp-json\/wp\/v2\/posts"}],"about":[{"href":"https:\/\/senasa.gob.hn\/web\/wp-json\/wp\/v2\/types\/post"}],"author":[{"embeddable":true,"href":"https:\/\/senasa.gob.hn\/web\/wp-json\/wp\/v2\/users\/1"}],"replies":[{"embeddable":true,"href":"https:\/\/senasa.gob.hn\/web\/wp-json\/wp\/v2\/comments?post=3787"}],"version-history":[{"count":4,"href":"https:\/\/senasa.gob.hn\/web\/wp-json\/wp\/v2\/posts\/3787\/revisions"}],"predecessor-version":[{"id":3791,"href":"https:\/\/senasa.gob.hn\/web\/wp-json\/wp\/v2\/posts\/3787\/revisions\/3791"}],"wp:attachment":[{"href":"https:\/\/senasa.gob.hn\/web\/wp-json\/wp\/v2\/media?parent=3787"}],"wp:term":[{"taxonomy":"category","embeddable":true,"href":"https:\/\/senasa.gob.hn\/web\/wp-json\/wp\/v2\/categories?post=3787"},{"taxonomy":"post_tag","embeddable":true,"href":"https:\/\/senasa.gob.hn\/web\/wp-json\/wp\/v2\/tags?post=3787"}],"curies":[{"name":"wp","href":"https:\/\/api.w.org\/{rel}","templated":true}]}}