{"id":3684,"date":"2022-02-13T17:27:08","date_gmt":"2022-02-13T17:27:08","guid":{"rendered":"https:\/\/senasa.gob.hn\/web\/?p=3684"},"modified":"2022-02-13T17:28:37","modified_gmt":"2022-02-13T17:28:37","slug":"delegacion-de-senasa-se-reune-con-autoridades-de-la-sag-en-chile","status":"publish","type":"post","link":"https:\/\/senasa.gob.hn\/web\/2022\/02\/13\/delegacion-de-senasa-se-reune-con-autoridades-de-la-sag-en-chile\/","title":{"rendered":"Delegaci\u00f3n de Senasa se re\u00fane con autoridades de la SAG en Chile"},"content":{"rendered":"\t\t<div data-elementor-type=\"wp-post\" data-elementor-id=\"3684\" class=\"elementor elementor-3684\">\n\t\t\t\t\t\t<section class=\"elementor-section elementor-top-section elementor-element elementor-element-416aa4a elementor-section-boxed elementor-section-height-default elementor-section-height-default\" data-id=\"416aa4a\" data-element_type=\"section\" data-e-type=\"section\">\n\t\t\t\t\t\t<div class=\"elementor-container elementor-column-gap-default\">\n\t\t\t\t\t<div class=\"elementor-column elementor-col-100 elementor-top-column elementor-element elementor-element-fa56ec9\" data-id=\"fa56ec9\" data-element_type=\"column\" data-e-type=\"column\">\n\t\t\t<div class=\"elementor-widget-wrap elementor-element-populated\">\n\t\t\t\t\t\t<div class=\"elementor-element elementor-element-128ce55 elementor-widget elementor-widget-text-editor\" data-id=\"128ce55\" data-element_type=\"widget\" data-e-type=\"widget\" data-widget_type=\"text-editor.default\">\n\t\t\t\t<div class=\"elementor-widget-container\">\n\t\t\t\t\t\t\t\t\t<p><img fetchpriority=\"high\" decoding=\"async\" src=\"images\/CHILE-SAG-4.jpg\" alt=\"\" width=\"427\" height=\"239\" \/><\/p>\n<p><strong>Delegaci\u00f3n de Senasa se re\u00fane con autoridades de la SAG de Chile<\/strong><\/p>\n<p style=\"text-align: justify;\">Una delegaci\u00f3n de Honduras encabezada por Ricardo Paz, Director General del Servicio Nacional de Sanidad e Inocuidad Agroalimentaria (Senasa), adscrita la Secretar\u00eda de Agricultura y Ganader\u00eda SAG se re\u00fane del 03 al 07 de diciembre con autoridades del Servicio Agr\u00edcola y Ganadero (SAG) en ese pais suramericano.<\/p>\n<p style=\"text-align: justify;\">El objetivo de la visita es la autorizaci\u00f3n a terceros, la fiscalizaci\u00f3n y supervisi\u00f3n en el \u00e1rea de certificaci\u00f3n de frutas y vegetales, inocuidad de alimentos, salud animal el cual incluye la trazabilidad pecuaria, esto como seguimiento a los avances que tiene Honduras con este pa\u00eds sudamericano.<\/p>\n<p><img decoding=\"async\" src=\"images\/CHILE-SAG-2.jpg\" alt=\"\" width=\"417\" height=\"264\" \/><\/p>\n<p style=\"text-align: justify;\">El equipo hondure\u00f1o&nbsp;esta tambi\u00e9n conformado por &nbsp;Kurt Schumacher, Subdirector General de Sanidad Vegetal, Mirian Bueno Subdirectora de Inocuidad Agroalimentaria , Orlin Ram\u00edrez, Subdirector de Salud Animal, Marcos Baquedano, Coordinador del programa Av\u00edcola Nacional &nbsp;&nbsp;representantes del sector camaronero, y av\u00edcola del pa\u00eds.<\/p>\n<p style=\"text-align: justify;\">Por Chile participa Felipe Uma\u00f1a, Coordinador de Cooperaci\u00f3n Internacional del Departamento de Negociaciones Internacionales del Servicio Agr\u00edcola y Ganadero de SAG Chile, entre otros.<\/p>\n<p><img decoding=\"async\" src=\"images\/CHILE-SAG-3.jpg\" alt=\"\" width=\"409\" height=\"230\" \/><\/p>\n<p style=\"text-align: justify;\">Entre las actividades que desarrolla la delegaci\u00f3n en el contexto agropecuario y pecuario durante reuniones est\u00e1n: la autorizaci\u00f3n de terceros (marco regulatorio y normativa), proceso de autorizaci\u00f3n, supervisi\u00f3n y monitoreo, trazabilidad como expresi\u00f3n regional.<\/p>\n<p style=\"text-align: justify;\">Tambi\u00e9n, visitaran el Frigor\u00edfico Camer, (planta c\u00e1rnica) ubicada en la regi\u00f3n metropolitana, la Feria Ganadera en San Fernando y el predio agr\u00edcola caracol durante su estad\u00eda en Santiago de Chile.<\/p>\n<p>&nbsp;<\/p>\t\t\t\t\t\t\t\t<\/div>\n\t\t\t\t<\/div>\n\t\t\t\t\t<\/div>\n\t\t<\/div>\n\t\t\t\t\t<\/div>\n\t\t<\/section>\n\t\t\t\t<\/div>\n\t\t","protected":false},"excerpt":{"rendered":"<p>Delegaci\u00f3n de Senasa se re\u00fane con autoridades de la SAG de Chile Una delegaci\u00f3n de Honduras encabezada por Ricardo Paz, Director General del Servicio Nacional de Sanidad e Inocuidad Agroalimentaria (Senasa), adscrita la Secretar\u00eda de Agricultura y Ganader\u00eda SAG se re\u00fane del 03 al 07 de diciembre con autoridades del Servicio Agr\u00edcola y Ganadero (SAG) &hellip;<\/p>\n<p class=\"read-more\"> <a class=\"\" href=\"https:\/\/senasa.gob.hn\/web\/2022\/02\/13\/delegacion-de-senasa-se-reune-con-autoridades-de-la-sag-en-chile\/\"> <span class=\"screen-reader-text\">Delegaci\u00f3n de Senasa se re\u00fane con autoridades de la SAG en Chile<\/span> Leer m\u00e1s &raquo;<\/a><\/p>\n","protected":false},"author":1,"featured_media":0,"comment_status":"open","ping_status":"open","sticky":false,"template":"","format":"standard","meta":{"ub_ctt_via":"","site-sidebar-layout":"default","site-content-layout":"default","ast-main-header-display":"","ast-hfb-above-header-display":"","ast-hfb-below-header-display":"","ast-hfb-mobile-header-display":"","site-post-title":"","ast-breadcrumbs-content":"","ast-featured-img":"","footer-sml-layout":"","theme-transparent-header-meta":"","adv-header-id-meta":"","stick-header-meta":"","header-above-stick-meta":"","header-main-stick-meta":"","header-below-stick-meta":"","footnotes":""},"categories":[1],"tags":[],"class_list":["post-3684","post","type-post","status-publish","format-standard","hentry","category-sin-categoria"],"featured_image_src":null,"author_info":{"display_name":"admin","author_link":"https:\/\/senasa.gob.hn\/web\/author\/admin\/"},"_links":{"self":[{"href":"https:\/\/senasa.gob.hn\/web\/wp-json\/wp\/v2\/posts\/3684","targetHints":{"allow":["GET"]}}],"collection":[{"href":"https:\/\/senasa.gob.hn\/web\/wp-json\/wp\/v2\/posts"}],"about":[{"href":"https:\/\/senasa.gob.hn\/web\/wp-json\/wp\/v2\/types\/post"}],"author":[{"embeddable":true,"href":"https:\/\/senasa.gob.hn\/web\/wp-json\/wp\/v2\/users\/1"}],"replies":[{"embeddable":true,"href":"https:\/\/senasa.gob.hn\/web\/wp-json\/wp\/v2\/comments?post=3684"}],"version-history":[{"count":4,"href":"https:\/\/senasa.gob.hn\/web\/wp-json\/wp\/v2\/posts\/3684\/revisions"}],"predecessor-version":[{"id":3688,"href":"https:\/\/senasa.gob.hn\/web\/wp-json\/wp\/v2\/posts\/3684\/revisions\/3688"}],"wp:attachment":[{"href":"https:\/\/senasa.gob.hn\/web\/wp-json\/wp\/v2\/media?parent=3684"}],"wp:term":[{"taxonomy":"category","embeddable":true,"href":"https:\/\/senasa.gob.hn\/web\/wp-json\/wp\/v2\/categories?post=3684"},{"taxonomy":"post_tag","embeddable":true,"href":"https:\/\/senasa.gob.hn\/web\/wp-json\/wp\/v2\/tags?post=3684"}],"curies":[{"name":"wp","href":"https:\/\/api.w.org\/{rel}","templated":true}]}}