{"id":3654,"date":"2022-02-13T17:03:07","date_gmt":"2022-02-13T17:03:07","guid":{"rendered":"https:\/\/senasa.gob.hn\/web\/?p=3654"},"modified":"2022-02-13T17:04:36","modified_gmt":"2022-02-13T17:04:36","slug":"culmina-exitosamente-capacitacion-en-inocuidad-de-alimentos","status":"publish","type":"post","link":"https:\/\/senasa.gob.hn\/web\/2022\/02\/13\/culmina-exitosamente-capacitacion-en-inocuidad-de-alimentos\/","title":{"rendered":"Culmina exitosamente capacitaci\u00f3n en inocuidad de alimentos"},"content":{"rendered":"\t\t<div data-elementor-type=\"wp-post\" data-elementor-id=\"3654\" class=\"elementor elementor-3654\">\n\t\t\t\t\t\t<section class=\"elementor-section elementor-top-section elementor-element elementor-element-2e17ad9 elementor-section-boxed elementor-section-height-default elementor-section-height-default\" data-id=\"2e17ad9\" data-element_type=\"section\" data-e-type=\"section\">\n\t\t\t\t\t\t<div class=\"elementor-container elementor-column-gap-default\">\n\t\t\t\t\t<div class=\"elementor-column elementor-col-100 elementor-top-column elementor-element elementor-element-d8a5ec7\" data-id=\"d8a5ec7\" data-element_type=\"column\" data-e-type=\"column\">\n\t\t\t<div class=\"elementor-widget-wrap elementor-element-populated\">\n\t\t\t\t\t\t<div class=\"elementor-element elementor-element-27ed1da elementor-widget elementor-widget-text-editor\" data-id=\"27ed1da\" data-element_type=\"widget\" data-e-type=\"widget\" data-widget_type=\"text-editor.default\">\n\t\t\t\t<div class=\"elementor-widget-container\">\n\t\t\t\t\t\t\t\t\t<p style=\"margin: 0px 0px 6px; font-family: Helvetica, Arial, sans-serif; color: #1d2129; font-size: 14px; font-style: normal; font-weight: 400; letter-spacing: normal; orphans: 2; text-align: start; text-indent: 0px; text-transform: none; white-space: normal; widows: 2; word-spacing: 0px; background-color: #ffffff;\"><strong>Culmina exitosamente capacitaci\u00f3n en inocuidad de alimentos<\/strong><\/p>\n<p><img fetchpriority=\"high\" decoding=\"async\" src=\"images\/ALIMENTOS_1.jpg\" alt=\"\" width=\"482\" height=\"364\" \/><\/p>\n<p style=\"margin: 6px 0px; font-family: Helvetica, Arial, sans-serif; color: #1d2129; font-size: 14px; font-style: normal; font-weight: 400; letter-spacing: normal; orphans: 2; text-align: justify; text-indent: 0px; text-transform: none; white-space: normal; widows: 2; word-spacing: 0px; background-color: #ffffff;\">Tegucigalpa 29 de marzo, Con el prop\u00f3sito de contribuir al desarrollo del sistema agroalimentario para producir y distribuir alimentos inocuos, sanos y de buena calidad, hoy se clausur\u00f3 una jornada de 6 m\u00f3dulos de capacitaci\u00f3n en materia de inocuidad y calidad alimentaria.<\/p>\n<p style=\"margin: 6px 0px; font-family: Helvetica, Arial, sans-serif; color: #1d2129; font-size: 14px; font-style: normal; font-weight: 400; letter-spacing: normal; orphans: 2; text-align: justify; text-indent: 0px; text-transform: none; white-space: normal; widows: 2; word-spacing: 0px; background-color: #ffffff;\">En el evento particip\u00f3 Ricardo Pe\u00f1a, en representaci\u00f3n del Titular de Secretar\u00eda de Agricultura y Ganader\u00eda (SAG), representantes del Servicio Nacional de Sanidad e Inocuidad Agroalimentaria (SENASA ) del Departamento de Agricultura de Estados Unidos (USDA) El Instituto Interamericano de Cooperaci\u00f3n para la Agricultura (IICA) de la Agencia de Regulaci\u00f3n Sanitaria (ARSA), La Universidad Nacional Aut\u00f3noma de Honduras y La Universidad Nacional Pedag\u00f3gica Francisco Morazan (UNPFM).<\/p>\n<p><img decoding=\"async\" src=\"images\/55932310_2264113470476191_8745492590859649024_n_1.jpg\" alt=\"\" width=\"487\" height=\"343\" \/><\/p>\n<p style=\"margin: 6px 0px; font-family: Helvetica, Arial, sans-serif; color: #1d2129; font-size: 14px; font-style: normal; font-weight: 400; letter-spacing: normal; orphans: 2; text-align: justify; text-indent: 0px; text-transform: none; white-space: normal; widows: 2; word-spacing: 0px; background-color: #ffffff;\">&#8220;Despu\u00e9s de una serie de 6 cursos, hoy culmina este taller denominado, Desarrollar y fortalecer la competencia t\u00e9cnica a los inspectores del sector Gubernamental y la Academia en la Inocuidad de Alimentos de la Cadena Agroalimentaria.&#8221; dijo Pe\u00f1a.<\/p>\n<p style=\"margin: 6px 0px; font-family: Helvetica, Arial, sans-serif; color: #1d2129; font-size: 14px; font-style: normal; font-weight: 400; letter-spacing: normal; orphans: 2; text-align: justify; text-indent: 0px; text-transform: none; white-space: normal; widows: 2; word-spacing: 0px; background-color: #ffffff;\">Detall\u00f3 que este evento fu\u00e9 desarrollado en el marco del Programa Alimentos Para el Progreso, bajo un convenio de donaci\u00f3n del USDA, donde se realiz\u00f3 una alianza p\u00fablico privada con la Organizaci\u00f3n Implementadora Agro Biotek.<\/p>\n<p><img decoding=\"async\" src=\"images\/INOCUIDAD_3.jpg\" alt=\"\" width=\"488\" height=\"351\" \/><\/p>\n<p style=\"margin: 6px 0px; font-family: Helvetica, Arial, sans-serif; color: #1d2129; font-size: 14px; font-style: normal; font-weight: 400; letter-spacing: normal; orphans: 2; text-align: justify; text-indent: 0px; text-transform: none; white-space: normal; widows: 2; word-spacing: 0px; background-color: #ffffff;\">Por su parte Mirian Bueno, Subdirectora General de Inocuidad Agroalimentaria dijo, &#8220;Consideramos importante este tipo de talleres para fortalecer las capacidades y conocimientos de nuestros inspectores en temas de inocuidad, para fomentar la producci\u00f3n de alimentos de conformidad con regulaciones y est\u00e1ndares que cumplan con las exigencias de nuestros socios comerciales.\u201d<\/p>\n<p style=\"margin: 6px 0px; font-family: Helvetica, Arial, sans-serif; color: #1d2129; font-size: 14px; font-style: normal; font-weight: 400; letter-spacing: normal; orphans: 2; text-align: justify; text-indent: 0px; text-transform: none; white-space: normal; widows: 2; word-spacing: 0px; background-color: #ffffff;\">Asimismo, agradeci\u00f3 el compromiso de cada uno de los actores principales, como los cooperantes por el apoyo econ\u00f3mico, la participaci\u00f3n activa de la academia quienes jugar\u00e1n un rol importante en la formaci\u00f3n de recurso humano calificado en temas de inocuidad alimentaria, as\u00ed como los inspectores quienes tienen el reto y a la responsabilidad de garantizar alimentos sanos e inocuos para una poblaci\u00f3n cada vez creciente.<\/p>\n<p style=\"margin: 6px 0px; font-family: Helvetica, Arial, sans-serif; color: #1d2129; font-size: 14px; font-style: normal; font-weight: 400; letter-spacing: normal; orphans: 2; text-align: justify; text-indent: 0px; text-transform: none; white-space: normal; widows: 2; word-spacing: 0px; background-color: #ffffff;\">&#8220;En los \u00faltimos 20 a\u00f1os el Departamento de Agricultura y Ganader\u00eda de Estados Unidos, ha dado fondos, para incrementar ingresos a los productores y procesadores de Honduras y as\u00ed fortalecer las capacidades de las Instituciones del Estado, y en esta ocasi\u00f3n con el cierre de este importante taller nos sentimos satisfechos, pues una de las metas es velar por la Inocuidad para todos los consumidores del mundo y as\u00ed prevenir que las personas se enfermen&#8221; dijo Ana Gomez Especialista Agr\u00edcola de USDA.<\/p>\n<p><strong>7 de Junio dia mundial de la inocuidad alimentaria<\/strong><\/p>\n<p style=\"margin: 6px 0px 0px; display: inline; font-family: Helvetica, Arial, sans-serif; color: #1d2129; font-size: 14px; font-style: normal; font-weight: 400; letter-spacing: normal; orphans: 2; text-align: justify; text-indent: 0px; text-transform: none; white-space: normal; widows: 2; word-spacing: 0px; background-color: #ffffff;\">El evento sirvi\u00f3 de marco para anunciar la pr\u00f3xima celebraci\u00f3n del d\u00eda mundial de la Inocuidad de los Alimentos, que se celebrar\u00e1 el 7 de junio con la participaci\u00f3n de todas las instituciones involucradas en el tema agroalimentario, donde se har\u00e1n acciones en conjunto para socializar y concienzar a la poblaci\u00f3n sobre la importancia de comer alimentos sanos e inocuos.<\/p>\t\t\t\t\t\t\t\t<\/div>\n\t\t\t\t<\/div>\n\t\t\t\t\t<\/div>\n\t\t<\/div>\n\t\t\t\t\t<\/div>\n\t\t<\/section>\n\t\t\t\t<\/div>\n\t\t","protected":false},"excerpt":{"rendered":"<p>Culmina exitosamente capacitaci\u00f3n en inocuidad de alimentos Tegucigalpa 29 de marzo, Con el prop\u00f3sito de contribuir al desarrollo del sistema agroalimentario para producir y distribuir alimentos inocuos, sanos y de buena calidad, hoy se clausur\u00f3 una jornada de 6 m\u00f3dulos de capacitaci\u00f3n en materia de inocuidad y calidad alimentaria. En el evento particip\u00f3 Ricardo Pe\u00f1a, &hellip;<\/p>\n<p class=\"read-more\"> <a class=\"\" href=\"https:\/\/senasa.gob.hn\/web\/2022\/02\/13\/culmina-exitosamente-capacitacion-en-inocuidad-de-alimentos\/\"> <span class=\"screen-reader-text\">Culmina exitosamente capacitaci\u00f3n en inocuidad de alimentos<\/span> Leer m\u00e1s &raquo;<\/a><\/p>\n","protected":false},"author":1,"featured_media":0,"comment_status":"open","ping_status":"open","sticky":false,"template":"","format":"standard","meta":{"ub_ctt_via":"","site-sidebar-layout":"default","site-content-layout":"default","ast-main-header-display":"","ast-hfb-above-header-display":"","ast-hfb-below-header-display":"","ast-hfb-mobile-header-display":"","site-post-title":"","ast-breadcrumbs-content":"","ast-featured-img":"","footer-sml-layout":"","theme-transparent-header-meta":"","adv-header-id-meta":"","stick-header-meta":"","header-above-stick-meta":"","header-main-stick-meta":"","header-below-stick-meta":"","footnotes":""},"categories":[1],"tags":[],"class_list":["post-3654","post","type-post","status-publish","format-standard","hentry","category-sin-categoria"],"featured_image_src":null,"author_info":{"display_name":"admin","author_link":"https:\/\/senasa.gob.hn\/web\/author\/admin\/"},"_links":{"self":[{"href":"https:\/\/senasa.gob.hn\/web\/wp-json\/wp\/v2\/posts\/3654","targetHints":{"allow":["GET"]}}],"collection":[{"href":"https:\/\/senasa.gob.hn\/web\/wp-json\/wp\/v2\/posts"}],"about":[{"href":"https:\/\/senasa.gob.hn\/web\/wp-json\/wp\/v2\/types\/post"}],"author":[{"embeddable":true,"href":"https:\/\/senasa.gob.hn\/web\/wp-json\/wp\/v2\/users\/1"}],"replies":[{"embeddable":true,"href":"https:\/\/senasa.gob.hn\/web\/wp-json\/wp\/v2\/comments?post=3654"}],"version-history":[{"count":4,"href":"https:\/\/senasa.gob.hn\/web\/wp-json\/wp\/v2\/posts\/3654\/revisions"}],"predecessor-version":[{"id":3658,"href":"https:\/\/senasa.gob.hn\/web\/wp-json\/wp\/v2\/posts\/3654\/revisions\/3658"}],"wp:attachment":[{"href":"https:\/\/senasa.gob.hn\/web\/wp-json\/wp\/v2\/media?parent=3654"}],"wp:term":[{"taxonomy":"category","embeddable":true,"href":"https:\/\/senasa.gob.hn\/web\/wp-json\/wp\/v2\/categories?post=3654"},{"taxonomy":"post_tag","embeddable":true,"href":"https:\/\/senasa.gob.hn\/web\/wp-json\/wp\/v2\/tags?post=3654"}],"curies":[{"name":"wp","href":"https:\/\/api.w.org\/{rel}","templated":true}]}}