{"id":3644,"date":"2022-02-13T16:55:38","date_gmt":"2022-02-13T16:55:38","guid":{"rendered":"https:\/\/senasa.gob.hn\/web\/?p=3644"},"modified":"2022-02-13T16:57:08","modified_gmt":"2022-02-13T16:57:08","slug":"coordinan-acciones-para-la-prevencion-y-control-de-plagas-en-el-valle-de-comayagua","status":"publish","type":"post","link":"https:\/\/senasa.gob.hn\/web\/2022\/02\/13\/coordinan-acciones-para-la-prevencion-y-control-de-plagas-en-el-valle-de-comayagua\/","title":{"rendered":"Coordinan acciones para la prevenci\u00f3n y control de plagas en el valle de Comayagua"},"content":{"rendered":"\t\t<div data-elementor-type=\"wp-post\" data-elementor-id=\"3644\" class=\"elementor elementor-3644\">\n\t\t\t\t\t\t<section class=\"elementor-section elementor-top-section elementor-element elementor-element-a41733a elementor-section-boxed elementor-section-height-default elementor-section-height-default\" data-id=\"a41733a\" data-element_type=\"section\" data-e-type=\"section\">\n\t\t\t\t\t\t<div class=\"elementor-container elementor-column-gap-default\">\n\t\t\t\t\t<div class=\"elementor-column elementor-col-100 elementor-top-column elementor-element elementor-element-8439645\" data-id=\"8439645\" data-element_type=\"column\" data-e-type=\"column\">\n\t\t\t<div class=\"elementor-widget-wrap elementor-element-populated\">\n\t\t\t\t\t\t<div class=\"elementor-element elementor-element-8db8dd5 elementor-widget elementor-widget-text-editor\" data-id=\"8db8dd5\" data-element_type=\"widget\" data-e-type=\"widget\" data-widget_type=\"text-editor.default\">\n\t\t\t\t<div class=\"elementor-widget-container\">\n\t\t\t\t\t\t\t\t\t<p><strong><img fetchpriority=\"high\" decoding=\"async\" src=\"images\/20210208_105149.jpg\" alt=\"\" width=\"639\" height=\"359\" \/><\/strong><\/p>\n<p><strong>Coordinan acciones para la prevenci\u00f3n y control de plagas en el valle de Comayagua<\/strong><\/p>\n<hr id=\"system-readmore\" \/>\n<ul>\n<li>Las autoridades socializaron la Estrategia para Prevenci\u00f3n, Control y Manejo de Plagas la cual contempla, asistencia t\u00e9cnica y capacitaci\u00f3n a trav\u00e9s del apoyo de la SAG, SENASA, FHIA y OIRSA.<\/li>\n<li>Durante la reuni\u00f3n se hizo entrega de kits de plaguicidas a peque\u00f1os productores que resultaron afectados con las tormentas tropicales Eta e Iota, con lo cual se est\u00e1 beneficiando a 186 familias en el valle de Comayagua y La Paz.<\/li>\n<\/ul>\n<p style=\"text-align: justify;\"><strong>Comayagua.- 08 de Febrero de 2020.-<\/strong> Mauricio Guevara Secretario de Agricultura y Ganader\u00eda SAG, junto a Juan Ram\u00f3n Vel\u00e1squez, Director General del Servicio Nacional de Sanidad e Inocuidad Agroalimentaria (SENASA), se reunieron con productores y agroexportadores de vegetales orientales, con el fin de abordar la Estrategia para Prevenci\u00f3n, Control y Manejo de Plagas .<\/p>\n<p style=\"text-align: justify;\">Durante la reuni\u00f3n el titular de la SAG, expres\u00f3 que tanto los productores como los agroexportadores, del Valle de Comayagua y La Paz, ser\u00e1n apoyados con una serie de actividades que incluye la asistencia t\u00e9cnica, y la capacitaci\u00f3n a trav\u00e9s del SENASA, y la Fundaci\u00f3n Hondure\u00f1a de Investigaci\u00f3n Agr\u00edcola (FHIA) entre otros cooperantes.<\/p>\n<p style=\"text-align: justify;\">\u201cComo lo prometimos, hemos venido a dialogar con ustedes, los productores y agroexportadores con el objetivo de trabajar de manera conjunta esta estrategia que nos ayude a mejorar el rubro de vegetales orientales, y a prevenir la incidencia de plagas y enfermedades\u201d, expres\u00f3 Guevara.<\/p>\n<p style=\"text-align: justify;\">Agreg\u00f3, que \u201cestamos aprovechando la oportunidad para entregar por medio de SENASA un kit de plaguicidas a 186 peque\u00f1os productores que resultaron afectados con el paso de las tormentas tropicales Eta e Iota, lo cual les va a permitir mejorar sus \u00e1reas de producci\u00f3n\u201d.<\/p>\n<p style=\"text-align: justify;\">Refiri\u00f3, que hace unos d\u00edas atr\u00e1s se inici\u00f3 con una campa\u00f1a de vacunaci\u00f3n en bovinos con lo cual est\u00e1n beneficiando a ganaderos de 5 departamentos, y con semilla de papa a 60 familias en la Esperanza Intibuc\u00e1.<\/p>\n<p style=\"text-align: justify;\">Juan Ram\u00f3n Vel\u00e1squez Director General SENASA, se\u00f1al\u00f3 que \u201ccomo instituci\u00f3n vamos a continuar dando asistencia t\u00e9cnica y capacitaci\u00f3n a los productores primarios que se dedican a la producci\u00f3n de vegetales orientales, tambi\u00e9n realizando trabajos de inspecci\u00f3n, en establecimientos empacadores y en el proceso de exportaciones\u201d.<\/p>\n<p style=\"text-align: justify;\">Agreg\u00f3, que esto abarca tambi\u00e9n a los peque\u00f1os productores de orientales que resultaron afectados por las tormentas tropicales quienes desde ya est\u00e1n recibiendo un kit de insumos con lo cual van a poder mejorar la parte fitosanitaria.<\/p>\n<p style=\"text-align: justify;\">De igual forma, Adolfo Mart\u00ednez, Director General de la FHIA, manifest\u00f3 que \u201ctrabajamos con vegetales orientales y otras hortalizas por muchos a\u00f1os y esperamos que con nuestro conocimiento y con el equipo t\u00e9cnico de SENASA, podamos proveer de asistencia t\u00e9cnica a 700 productores que se dedican a producir berenjena y otros vegetales orientales, ayudarles con capacitaci\u00f3n, y proveerles asistencia t\u00e9cnica puntual en sus fincas\u201d.<\/p>\n<p style=\"text-align: justify;\">\u00a0<\/p>\n<p style=\"text-align: justify;\">\u00a0<\/p>\t\t\t\t\t\t\t\t<\/div>\n\t\t\t\t<\/div>\n\t\t\t\t\t<\/div>\n\t\t<\/div>\n\t\t\t\t\t<\/div>\n\t\t<\/section>\n\t\t\t\t<\/div>\n\t\t","protected":false},"excerpt":{"rendered":"<p>Coordinan acciones para la prevenci\u00f3n y control de plagas en el valle de Comayagua Las autoridades socializaron la Estrategia para Prevenci\u00f3n, Control y Manejo de Plagas la cual contempla, asistencia t\u00e9cnica y capacitaci\u00f3n a trav\u00e9s del apoyo de la SAG, SENASA, FHIA y OIRSA. Durante la reuni\u00f3n se hizo entrega de kits de plaguicidas a &hellip;<\/p>\n<p class=\"read-more\"> <a class=\"\" href=\"https:\/\/senasa.gob.hn\/web\/2022\/02\/13\/coordinan-acciones-para-la-prevencion-y-control-de-plagas-en-el-valle-de-comayagua\/\"> <span class=\"screen-reader-text\">Coordinan acciones para la prevenci\u00f3n y control de plagas en el valle de Comayagua<\/span> Leer m\u00e1s &raquo;<\/a><\/p>\n","protected":false},"author":1,"featured_media":0,"comment_status":"open","ping_status":"open","sticky":false,"template":"","format":"standard","meta":{"ub_ctt_via":"","site-sidebar-layout":"default","site-content-layout":"default","ast-main-header-display":"","ast-hfb-above-header-display":"","ast-hfb-below-header-display":"","ast-hfb-mobile-header-display":"","site-post-title":"","ast-breadcrumbs-content":"","ast-featured-img":"","footer-sml-layout":"","theme-transparent-header-meta":"","adv-header-id-meta":"","stick-header-meta":"","header-above-stick-meta":"","header-main-stick-meta":"","header-below-stick-meta":"","footnotes":""},"categories":[1],"tags":[],"class_list":["post-3644","post","type-post","status-publish","format-standard","hentry","category-sin-categoria"],"featured_image_src":null,"author_info":{"display_name":"admin","author_link":"https:\/\/senasa.gob.hn\/web\/author\/admin\/"},"_links":{"self":[{"href":"https:\/\/senasa.gob.hn\/web\/wp-json\/wp\/v2\/posts\/3644","targetHints":{"allow":["GET"]}}],"collection":[{"href":"https:\/\/senasa.gob.hn\/web\/wp-json\/wp\/v2\/posts"}],"about":[{"href":"https:\/\/senasa.gob.hn\/web\/wp-json\/wp\/v2\/types\/post"}],"author":[{"embeddable":true,"href":"https:\/\/senasa.gob.hn\/web\/wp-json\/wp\/v2\/users\/1"}],"replies":[{"embeddable":true,"href":"https:\/\/senasa.gob.hn\/web\/wp-json\/wp\/v2\/comments?post=3644"}],"version-history":[{"count":4,"href":"https:\/\/senasa.gob.hn\/web\/wp-json\/wp\/v2\/posts\/3644\/revisions"}],"predecessor-version":[{"id":3648,"href":"https:\/\/senasa.gob.hn\/web\/wp-json\/wp\/v2\/posts\/3644\/revisions\/3648"}],"wp:attachment":[{"href":"https:\/\/senasa.gob.hn\/web\/wp-json\/wp\/v2\/media?parent=3644"}],"wp:term":[{"taxonomy":"category","embeddable":true,"href":"https:\/\/senasa.gob.hn\/web\/wp-json\/wp\/v2\/categories?post=3644"},{"taxonomy":"post_tag","embeddable":true,"href":"https:\/\/senasa.gob.hn\/web\/wp-json\/wp\/v2\/tags?post=3644"}],"curies":[{"name":"wp","href":"https:\/\/api.w.org\/{rel}","templated":true}]}}