{"id":3639,"date":"2022-02-13T16:50:55","date_gmt":"2022-02-13T16:50:55","guid":{"rendered":"https:\/\/senasa.gob.hn\/web\/?p=3639"},"modified":"2022-02-13T16:51:53","modified_gmt":"2022-02-13T16:51:53","slug":"cooperativas-de-cacao-y-cafe-organico-mejoran-produccion-y-exportacion","status":"publish","type":"post","link":"https:\/\/senasa.gob.hn\/web\/2022\/02\/13\/cooperativas-de-cacao-y-cafe-organico-mejoran-produccion-y-exportacion\/","title":{"rendered":"Cooperativas de cacao y caf\u00e9 org\u00e1nico mejoran producci\u00f3n y exportaci\u00f3n"},"content":{"rendered":"\t\t<div data-elementor-type=\"wp-post\" data-elementor-id=\"3639\" class=\"elementor elementor-3639\">\n\t\t\t\t\t\t<section class=\"elementor-section elementor-top-section elementor-element elementor-element-975f45a elementor-section-boxed elementor-section-height-default elementor-section-height-default\" data-id=\"975f45a\" data-element_type=\"section\" data-e-type=\"section\">\n\t\t\t\t\t\t<div class=\"elementor-container elementor-column-gap-default\">\n\t\t\t\t\t<div class=\"elementor-column elementor-col-100 elementor-top-column elementor-element elementor-element-56a27d8\" data-id=\"56a27d8\" data-element_type=\"column\" data-e-type=\"column\">\n\t\t\t<div class=\"elementor-widget-wrap elementor-element-populated\">\n\t\t\t\t\t\t<div class=\"elementor-element elementor-element-84086e8 elementor-widget elementor-widget-text-editor\" data-id=\"84086e8\" data-element_type=\"widget\" data-e-type=\"widget\" data-widget_type=\"text-editor.default\">\n\t\t\t\t<div class=\"elementor-widget-container\">\n\t\t\t\t\t\t\t\t\t<p><strong>\u00a0<\/strong><\/p>\n<p><strong><img fetchpriority=\"high\" decoding=\"async\" src=\"images\/22c5aef4-5dec-4adb-a588-e49a44a37a83.jpg\" alt=\"\" width=\"545\" height=\"363\" \/><\/strong><\/p>\n<p><strong>Cooperativas de cacao y caf\u00e9 org\u00e1nico mejoran producci\u00f3n y exportaci\u00f3n<\/strong><\/p>\n<hr id=\"system-readmore\" \/>\n<p style=\"text-align: justify;\">Productores de cacao de Atl\u00e1ntida y de caf\u00e9 org\u00e1nico de Marcala, La Paz aglutinados en varias cooperativas agr\u00edcolas reportan una mejora significativa en la producci\u00f3n y exportaci\u00f3n de estos dos rubros.<\/p>\n<p style=\"text-align: justify;\">Este logro de los productores es gracias al apoyo recibido a trav\u00e9s del Proyecto Mejoramiento del Ambiente del Cultivo en Tierra, a trav\u00e9s de la Utilizaci\u00f3n eficiente de los Abonos Org\u00e1nicos y Biol\u00f3gicos, apoyado por la Iniciativa de Cooperaci\u00f3n entre Corea y Am\u00e9rica Latina para la Alimentaci\u00f3n y Agricultura (KoLFACI) Corea a trav\u00e9s del Servicio Nacional de Sanidad e Inocuidad Agroalimentaria (SENASA) y la Secretar\u00eda de Agricultura y Ganader\u00eda (SAG).<\/p>\n<p style=\"text-align: justify;\">Sandra Elvir, coordinadora del Proyecto KoLFACI\/FO y T\u00e9cnico Oficial en el Departamento de Agricultura Org\u00e1nica de la Direcci\u00f3n T\u00e9cnica de Sanidad Vegetal de SENASA, se\u00f1al\u00f3 que \u201cPese a la pandemia de la Covid-19 en el pa\u00eds, contin\u00faan apoyando y trabajando de la mano con estos dos sectores productivos, los cuales han experimentado aumento en la producci\u00f3n, luego de aplicar los conocimientos adquiridos y los abonos que aprendieron a elaborar\u201d.<\/p>\n<p style=\"text-align: justify;\">\u201cTanto a los productores de cacao y caf\u00e9 los hemos apoyado con charlas de motivaci\u00f3n, entrega de equipo y an\u00e1lisis de abonos en laboratorios y entrenamiento para la elaboraci\u00f3n de abonos l\u00edquidos y s\u00f3lidos org\u00e1nicos, y se est\u00e1 elaborando un manual el cual estar\u00e1 disponible para que sigan replicando los conocimientos adquiridos\u201d.<\/p>\n<p style=\"text-align: justify;\">Elvir, agreg\u00f3 que los productores beneficiados pertenecen a 2 Cooperativas de cacao y 7 de caf\u00e9, ubicados en los Departamentos de Lempira, Cop\u00e1n, La Paz y Atl\u00e1ntida.<\/p>\n<p style=\"text-align: justify;\"><strong>Cacaoteros\u00a0<\/strong><\/p>\n<p style=\"text-align: justify;\"><strong><img decoding=\"async\" src=\"images\/223927817_2906343389586526_744086786319368445_n.jpg\" alt=\"\" width=\"547\" height=\"364\" \/><\/strong><\/p>\n<p style=\"text-align: justify;\">Ana Mar\u00eda F\u00fanez, presidenta de la Cooperativa de Producci\u00f3n Agr\u00edcola Cacaoteras de Jutiapa Limitada (COPRACAJUL) dijo \u201cSomos 132 productores, hemos implementado los abonos org\u00e1nicos en nuestras fincas, gracias a la motivaci\u00f3n del proyecto KoLFACI, la SAG- SENASA ha aumentado nuestra producci\u00f3n, hoy se ve el buen resultado\u201d.<\/p>\n<p style=\"text-align: justify;\"><img decoding=\"async\" src=\"images\/1db92e0d-c55c-44cc-abd6-fad311f45c48.jpg\" alt=\"\" width=\"545\" height=\"363\" \/><\/p>\n<p style=\"text-align: justify;\">Por su parte, Anayensi Dubon Macedo expres\u00f3 \u201cPertenezco a la COPRACAJUL desde hace 4 a\u00f1os, cuento con 5 manzanas de cacao, he tenido una experiencia satisfactoria con la implementaci\u00f3n de los abonos org\u00e1nicos, ya pude entregar 130 libras baba\u201d.<\/p>\n<p style=\"text-align: justify;\">Escuelas de Campo<\/p>\n<p style=\"text-align: justify;\"><img loading=\"lazy\" decoding=\"async\" src=\"images\/223976255_2906343562919842_1889476146427276103_n.jpg\" alt=\"\" width=\"542\" height=\"361\" \/><\/p>\n<p style=\"text-align: justify;\">Daris V\u00e1squez, presidenta de la Asociaci\u00f3n de Productores Pico Bonito (ASOPROPIB), \u201cNuestra organizaci\u00f3n cacaotera aglutina a 220 productores, diseminados en 7 municipios de Atl\u00e1ntida en un radio de acci\u00f3n de 60 comunidades, y cuyas fincas est\u00e1n dise\u00f1adas en sistemas agroforestales, contamos con 280 hect\u00e1reas y este producto lo vendemos a Chocolats Halba para exportaci\u00f3n, este cacao va para Suiza\u201d.<\/p>\n<p style=\"text-align: justify;\">\u201cRecibimos apoyo en la implementaci\u00f3n de escuelas de campo, metodolog\u00eda de productor a productor, muestreo de suelo y materiales para elaboraci\u00f3n de abonos, as\u00ed como an\u00e1lisis de abono, barriles, capacitaciones, entre otros\u201d.<\/p>\n<p style=\"text-align: justify;\"><img loading=\"lazy\" decoding=\"async\" src=\"images\/222900063_2906343552919843_1007540308095223509_n.jpg\" alt=\"\" width=\"546\" height=\"364\" \/><\/p>\n<p style=\"text-align: justify;\">Erick Mungu\u00eda, productor de la ASOPROPIB dijo, \u201cTengo 1 hect\u00e1rea en producci\u00f3n, mi experiencia ha sido maravillosa, desconoc\u00edamos el impacto que tienen los fertilizantes qu\u00edmicos en el suelo, ahora que utilizamos fertilizantes org\u00e1nicos, el fruto tiene mejor color, sabor y peso, sin ning\u00fan da\u00f1o colateral y dura m\u00e1s en el mercado, agradezco el aporte, estamos alegres y esperamos que a trav\u00e9s de KoLFACI la SAG \u2013 SENASA siga apoy\u00e1ndonos\u201d.<\/p>\n<p style=\"text-align: justify;\">\u00a0<strong>Caf\u00e9 org\u00e1nico para el mundo<\/strong><\/p>\n<p style=\"text-align: justify;\">\u00a0<img loading=\"lazy\" decoding=\"async\" src=\"images\/223505959_2906343532919845_6101537256578815246_n.jpg\" alt=\"\" width=\"552\" height=\"779\" \/><\/p>\n<p style=\"text-align: justify;\">Jos\u00e9 Leopoldo Mej\u00eda presidente de la Cooperativa Agropecuaria Uni\u00f3n Chinacla LTD (CARUCHIL) manifest\u00f3, \u201cTenemos 155 productores afiliados y nuestra actividad principal es la comercializaci\u00f3n, exportaci\u00f3n de caf\u00e9 verde y producto terminado en el mercado nacional e internacional\u201d.<\/p>\n<p style=\"text-align: justify;\">\u00a0El caf\u00e9 oro verde es exportado al mercado de Europa, Estados Unidos y se trabaja para entrar al mercado de Canad\u00e1.<\/p>\n<p style=\"text-align: justify;\">\u201cEl proyecto, nos vino a fortalecer nuestros conocimientos, de c\u00f3mo debemos elaborar los abonos s\u00f3lidos y l\u00edquidos, ahora se ven los resultados en las plantaciones de los productores, agradezco a las autoridades de gobierno, ojal\u00e1 y se pueda ampliar a otras organizaciones\u201d.<\/p>\n<p style=\"text-align: justify;\">\u00a0<img loading=\"lazy\" decoding=\"async\" src=\"images\/carruchil.jpg\" alt=\"\" width=\"557\" height=\"370\" \/><\/p>\n<p style=\"text-align: justify;\">Mar\u00eda Rosario Pineda, de la Cooperativa CARUCHIL tambi\u00e9n, expres\u00f3 \u201cAgradecemos a SAG\/SENASA y KoLFACI porque parte del logro se lo debemos a ellos, esto nos ha permitido posesionarnos con la calidad de caf\u00e9 Geisha, internacionalmente, con puntaje arriba de un 92%, tenemos casi 700 hect\u00e1reas con un volumen de producci\u00f3n de 20 mil quintales oro, exportado a Estados Unidos, Alemania y tambi\u00e9n hemos enviado a Rusia.<\/p>\n<p style=\"text-align: justify;\"><img loading=\"lazy\" decoding=\"async\" src=\"images\/224267929_2906343429586522_1860027784850767951_n.jpg\" alt=\"\" width=\"560\" height=\"558\" \/><\/p>\n<p style=\"text-align: justify;\">Edgar Carrillo, productor y presidente de Pacayal Coffee en Marcala, La Paz \u201cEl enfoque es hacer una agricultura sostenible org\u00e1nica que no da\u00f1e el medio ambiente, sacar a nivel internacional caf\u00e9 de alta calidad, que nuestros clientes disfruten del mejor caf\u00e9 del mundo, exportamos a Estados Unidos, Canad\u00e1, B\u00e9lgica, Suiza, Austria, Dinamarca, Italia, Jap\u00f3n\u201d.<\/p>\n<p style=\"text-align: justify;\">El Proyecto KoLFACI de la SAG- SENASA \u201cHa apoyado a Pacayal Coffee en trasferencia de conocimiento a trav\u00e9s de esa experiencia los t\u00e9cnicos han aprendido a hacer m\u00e1s rentables las fincas y m\u00e1s sostenibles, m\u00e1s cient\u00edficos en la preparaci\u00f3n de abonos org\u00e1nicos l\u00edquidos y s\u00f3lidos y esto nos motiv\u00f3 a construir nuestra planta de procesamiento\u201d.<\/p>\n<p style=\"text-align: justify;\"><img loading=\"lazy\" decoding=\"async\" src=\"images\/223618414_2906343459586519_3617420729766807248_n.jpg\" alt=\"\" width=\"571\" height=\"428\" \/><\/p>\n<p style=\"text-align: justify;\">Karen Carrillo, gerente general de la empresa, exterioriz\u00f3 que \u201cactualmente producimos caf\u00e9s especiales, org\u00e1nicos, certificados y contamos con m\u00e1s de 1300 manzanas de caf\u00e9\u201d.<\/p>\n<p style=\"text-align: justify;\">\u201cEste apoyo de SENASA a trav\u00e9s del proyecto KoLFACI, nos vino a dar una nueva visi\u00f3n de lo que es trabajar con abonos org\u00e1nicos, esto nos ha permitido elaborar 3 tipos de abono, la ayuda lleg\u00f3 en un momento preciso donde nosotros comenz\u00e1bamos como productores peque\u00f1os, esto nos ha ayudado a crecer mucho\u201d.<\/p>\n<p style=\"text-align: justify;\"><img loading=\"lazy\" decoding=\"async\" src=\"images\/223503543_2906343602919838_2968422961742131207_n.jpg\" alt=\"\" width=\"577\" height=\"384\" \/><\/p>\n<p style=\"text-align: justify;\">\u00a0<\/p>\t\t\t\t\t\t\t\t<\/div>\n\t\t\t\t<\/div>\n\t\t\t\t\t<\/div>\n\t\t<\/div>\n\t\t\t\t\t<\/div>\n\t\t<\/section>\n\t\t\t\t<\/div>\n\t\t","protected":false},"excerpt":{"rendered":"<p>\u00a0 Cooperativas de cacao y caf\u00e9 org\u00e1nico mejoran producci\u00f3n y exportaci\u00f3n Productores de cacao de Atl\u00e1ntida y de caf\u00e9 org\u00e1nico de Marcala, La Paz aglutinados en varias cooperativas agr\u00edcolas reportan una mejora significativa en la producci\u00f3n y exportaci\u00f3n de estos dos rubros. Este logro de los productores es gracias al apoyo recibido a trav\u00e9s del &hellip;<\/p>\n<p class=\"read-more\"> <a class=\"\" href=\"https:\/\/senasa.gob.hn\/web\/2022\/02\/13\/cooperativas-de-cacao-y-cafe-organico-mejoran-produccion-y-exportacion\/\"> <span class=\"screen-reader-text\">Cooperativas de cacao y caf\u00e9 org\u00e1nico mejoran producci\u00f3n y exportaci\u00f3n<\/span> Leer m\u00e1s &raquo;<\/a><\/p>\n","protected":false},"author":1,"featured_media":0,"comment_status":"open","ping_status":"open","sticky":false,"template":"","format":"standard","meta":{"ub_ctt_via":"","site-sidebar-layout":"default","site-content-layout":"default","ast-main-header-display":"","ast-hfb-above-header-display":"","ast-hfb-below-header-display":"","ast-hfb-mobile-header-display":"","site-post-title":"","ast-breadcrumbs-content":"","ast-featured-img":"","footer-sml-layout":"","theme-transparent-header-meta":"","adv-header-id-meta":"","stick-header-meta":"","header-above-stick-meta":"","header-main-stick-meta":"","header-below-stick-meta":"","footnotes":""},"categories":[1],"tags":[],"class_list":["post-3639","post","type-post","status-publish","format-standard","hentry","category-sin-categoria"],"featured_image_src":null,"author_info":{"display_name":"admin","author_link":"https:\/\/senasa.gob.hn\/web\/author\/admin\/"},"_links":{"self":[{"href":"https:\/\/senasa.gob.hn\/web\/wp-json\/wp\/v2\/posts\/3639","targetHints":{"allow":["GET"]}}],"collection":[{"href":"https:\/\/senasa.gob.hn\/web\/wp-json\/wp\/v2\/posts"}],"about":[{"href":"https:\/\/senasa.gob.hn\/web\/wp-json\/wp\/v2\/types\/post"}],"author":[{"embeddable":true,"href":"https:\/\/senasa.gob.hn\/web\/wp-json\/wp\/v2\/users\/1"}],"replies":[{"embeddable":true,"href":"https:\/\/senasa.gob.hn\/web\/wp-json\/wp\/v2\/comments?post=3639"}],"version-history":[{"count":4,"href":"https:\/\/senasa.gob.hn\/web\/wp-json\/wp\/v2\/posts\/3639\/revisions"}],"predecessor-version":[{"id":3643,"href":"https:\/\/senasa.gob.hn\/web\/wp-json\/wp\/v2\/posts\/3639\/revisions\/3643"}],"wp:attachment":[{"href":"https:\/\/senasa.gob.hn\/web\/wp-json\/wp\/v2\/media?parent=3639"}],"wp:term":[{"taxonomy":"category","embeddable":true,"href":"https:\/\/senasa.gob.hn\/web\/wp-json\/wp\/v2\/categories?post=3639"},{"taxonomy":"post_tag","embeddable":true,"href":"https:\/\/senasa.gob.hn\/web\/wp-json\/wp\/v2\/tags?post=3639"}],"curies":[{"name":"wp","href":"https:\/\/api.w.org\/{rel}","templated":true}]}}