{"id":3574,"date":"2022-02-13T16:18:13","date_gmt":"2022-02-13T16:18:13","guid":{"rendered":"https:\/\/senasa.gob.hn\/web\/?p=3574"},"modified":"2022-02-13T16:19:01","modified_gmt":"2022-02-13T16:19:01","slug":"capacitan-a-productores-y-tecnicos-sobre-prevencion-de-fusarium-raza-4-en-banano","status":"publish","type":"post","link":"https:\/\/senasa.gob.hn\/web\/2022\/02\/13\/capacitan-a-productores-y-tecnicos-sobre-prevencion-de-fusarium-raza-4-en-banano\/","title":{"rendered":"Capacitan a productores y t\u00e9cnicos sobre prevenci\u00f3n de Fusarium raza 4 en banano"},"content":{"rendered":"\t\t<div data-elementor-type=\"wp-post\" data-elementor-id=\"3574\" class=\"elementor elementor-3574\">\n\t\t\t\t\t\t<section class=\"elementor-section elementor-top-section elementor-element elementor-element-b727f62 elementor-section-boxed elementor-section-height-default elementor-section-height-default\" data-id=\"b727f62\" data-element_type=\"section\" data-e-type=\"section\">\n\t\t\t\t\t\t<div class=\"elementor-container elementor-column-gap-default\">\n\t\t\t\t\t<div class=\"elementor-column elementor-col-100 elementor-top-column elementor-element elementor-element-2e195f8\" data-id=\"2e195f8\" data-element_type=\"column\" data-e-type=\"column\">\n\t\t\t<div class=\"elementor-widget-wrap elementor-element-populated\">\n\t\t\t\t\t\t<div class=\"elementor-element elementor-element-ddb2568 elementor-widget elementor-widget-text-editor\" data-id=\"ddb2568\" data-element_type=\"widget\" data-e-type=\"widget\" data-widget_type=\"text-editor.default\">\n\t\t\t\t<div class=\"elementor-widget-container\">\n\t\t\t\t\t\t\t\t\t<div id=\"js_2l1\" class=\"_5pbx userContent _3576\" data-testid=\"post_message\" data-ft=\"{&quot;tn&quot;:&quot;K&quot;}\">\n<div id=\"id_5d81325f835721726357333\" class=\"text_exposed_root text_exposed\">\n<p><img fetchpriority=\"high\" decoding=\"async\" src=\"images\/Capaictacion_fusarium_en_yoro_3.jpg\" alt=\"\" width=\"410\" height=\"257\" \/><\/p>\n<p>Capacitan a productores y t\u00e9cnicos sobre prevenci\u00f3n de Fusarium raza 4 en banano<\/p>\n<hr id=\"system-readmore\" \/>\n<p style=\"text-align: justify;\">Guanchias, Santa Rita Yoro. Un total de 44 personas entre oficiales fitosanitarios, de cuarentena y t\u00e9cnicos de empresas y asociaciones de productores de banano se capacitaron sobre Reconocimiento de los S\u00edntomas de Marchitez del Banano y Fusarium Raza 4 Tropical.<\/p>\n<p style=\"text-align: justify;\">Esta actividad es parte de las medidas de prevenci\u00f3n que Honduras a trav\u00e9s de la Secretar\u00eda de Agricultura y Ganader\u00eda (SAG), el S<span class=\"text_exposed_show\">ervicio Nacional de Sanidad e Inocuidad Agroalimentaria SENASA en conjunto con el sector productor de banano est\u00e1 tomando ante la amenaza que representa la presencia de la enfermedad de Fusariosis del Banano en Colombia.<\/span><\/p>\n<div class=\"text_exposed_show\" style=\"text-align: justify;\">\n<p style=\"text-align: justify;\">\u201cEstamos tomando todas las medidas necesarias tanto a nivel t\u00e9cnico como de productores, brindando capacitaciones, tambi\u00e9n estamos realizando todos los esfuerzos necesarios, para ejecutar una campa\u00f1a de divulgaci\u00f3n en aduanas y puertos, lo cual vendr\u00e1 a fortalecer el sistema de vigilancia fitosanitaria del pa\u00eds que permita evitar el ingreso de la plaga Fusarium (Foc R4T)\u201d, se\u00f1al\u00f3 Diana Mart\u00ednez jefe del Departamento de Diagn\u00f3stico y Campa\u00f1as Fitosanitarias de SENASA.<\/p>\n<p style=\"text-align: justify;\">Esta enfermedad debe de ser de inter\u00e9s y preocupaci\u00f3n para todo el sector ya que se trata de una plaga altamente destructiva que podr\u00eda significar la desaparici\u00f3n de este importante cultivo, por lo cual todos los que nos dedicamos a esto debemos de involucrarnos de lleno en las acciones que sean necesarias para retardar su ingreso, expres\u00f3 Mart\u00ednez.<\/p>\n<p style=\"text-align: justify;\"><img decoding=\"async\" src=\"images\/Capaictacion_fusarium_en_yoro_1.jpg\" alt=\"\" width=\"393\" height=\"156\" \/><\/p>\n<p style=\"text-align: justify;\">El personal capacitado pertenece al SENASA y al Servicio de Protecci\u00f3n Agropecuaria SEPA delegado al Organismo Internacional Regional de Sanidad Agropecuaria OIRSA, y a la Asociaci\u00f3n de Productores de Banano y Empresas que se dedican a la exportaci\u00f3n del mismo.<\/p>\n<p style=\"text-align: justify;\">Durante las ponencias y la pr\u00e1ctica el personal t\u00e9cnico de campo y los productores tuvieron la oportunidad de aprender a identificar los principales s\u00edntomas de las enfermedades comunes del cultivo y las caracter\u00edsticas diferenciales entre s\u00ed, permitiendo a los t\u00e9cnicos desarrollar capacidad de respuesta ante una sospecha.<\/p>\n<p style=\"text-align: justify;\">El taller fue desarrollado con el apoyo de Roberto Young, director de Mejoramiento Gen\u00e9tico del Cultivo de la Est\u00e1ndar Fruit Company y miembro del Comit\u00e9 T\u00e9cnico para la Prevenci\u00f3n de Foc R4T, quien cuenta con una amplia experiencia en el \u00e1rea cient\u00edfica para el cultivo del banano.<\/p>\n<p style=\"text-align: justify;\">Dato<br \/>Colombia es uno de los principales exportadores de banano del mundo despu\u00e9s de Ecuador, Costa Rica, Guatemala y Honduras. El brote de marchitez se detect\u00f3 en julio en el departamento de La Guajira, en el noreste del pa\u00eds, cerca de la frontera con Venezuela.<\/p>\n<\/div>\n<\/div>\n<\/div>\n<div class=\"_3x-2\" style=\"text-align: justify;\" data-ft=\"{&quot;tn&quot;:&quot;H&quot;}\">\u00a0<\/div>\t\t\t\t\t\t\t\t<\/div>\n\t\t\t\t<\/div>\n\t\t\t\t\t<\/div>\n\t\t<\/div>\n\t\t\t\t\t<\/div>\n\t\t<\/section>\n\t\t\t\t<\/div>\n\t\t","protected":false},"excerpt":{"rendered":"<p>Capacitan a productores y t\u00e9cnicos sobre prevenci\u00f3n de Fusarium raza 4 en banano Guanchias, Santa Rita Yoro. Un total de 44 personas entre oficiales fitosanitarios, de cuarentena y t\u00e9cnicos de empresas y asociaciones de productores de banano se capacitaron sobre Reconocimiento de los S\u00edntomas de Marchitez del Banano y Fusarium Raza 4 Tropical. Esta actividad &hellip;<\/p>\n<p class=\"read-more\"> <a class=\"\" href=\"https:\/\/senasa.gob.hn\/web\/2022\/02\/13\/capacitan-a-productores-y-tecnicos-sobre-prevencion-de-fusarium-raza-4-en-banano\/\"> <span class=\"screen-reader-text\">Capacitan a productores y t\u00e9cnicos sobre prevenci\u00f3n de Fusarium raza 4 en banano<\/span> Leer m\u00e1s &raquo;<\/a><\/p>\n","protected":false},"author":1,"featured_media":0,"comment_status":"open","ping_status":"open","sticky":false,"template":"","format":"standard","meta":{"ub_ctt_via":"","site-sidebar-layout":"default","site-content-layout":"default","ast-main-header-display":"","ast-hfb-above-header-display":"","ast-hfb-below-header-display":"","ast-hfb-mobile-header-display":"","site-post-title":"","ast-breadcrumbs-content":"","ast-featured-img":"","footer-sml-layout":"","theme-transparent-header-meta":"","adv-header-id-meta":"","stick-header-meta":"","header-above-stick-meta":"","header-main-stick-meta":"","header-below-stick-meta":"","footnotes":""},"categories":[1],"tags":[],"class_list":["post-3574","post","type-post","status-publish","format-standard","hentry","category-sin-categoria"],"featured_image_src":null,"author_info":{"display_name":"admin","author_link":"https:\/\/senasa.gob.hn\/web\/author\/admin\/"},"_links":{"self":[{"href":"https:\/\/senasa.gob.hn\/web\/wp-json\/wp\/v2\/posts\/3574","targetHints":{"allow":["GET"]}}],"collection":[{"href":"https:\/\/senasa.gob.hn\/web\/wp-json\/wp\/v2\/posts"}],"about":[{"href":"https:\/\/senasa.gob.hn\/web\/wp-json\/wp\/v2\/types\/post"}],"author":[{"embeddable":true,"href":"https:\/\/senasa.gob.hn\/web\/wp-json\/wp\/v2\/users\/1"}],"replies":[{"embeddable":true,"href":"https:\/\/senasa.gob.hn\/web\/wp-json\/wp\/v2\/comments?post=3574"}],"version-history":[{"count":4,"href":"https:\/\/senasa.gob.hn\/web\/wp-json\/wp\/v2\/posts\/3574\/revisions"}],"predecessor-version":[{"id":3578,"href":"https:\/\/senasa.gob.hn\/web\/wp-json\/wp\/v2\/posts\/3574\/revisions\/3578"}],"wp:attachment":[{"href":"https:\/\/senasa.gob.hn\/web\/wp-json\/wp\/v2\/media?parent=3574"}],"wp:term":[{"taxonomy":"category","embeddable":true,"href":"https:\/\/senasa.gob.hn\/web\/wp-json\/wp\/v2\/categories?post=3574"},{"taxonomy":"post_tag","embeddable":true,"href":"https:\/\/senasa.gob.hn\/web\/wp-json\/wp\/v2\/tags?post=3574"}],"curies":[{"name":"wp","href":"https:\/\/api.w.org\/{rel}","templated":true}]}}