{"id":3489,"date":"2022-02-13T13:40:27","date_gmt":"2022-02-13T13:40:27","guid":{"rendered":"https:\/\/senasa.gob.hn\/web\/?p=3489"},"modified":"2022-02-13T13:42:29","modified_gmt":"2022-02-13T13:42:29","slug":"capacitan-a-productores-sobre-bioseguridad-en-granjas-avicolas","status":"publish","type":"post","link":"https:\/\/senasa.gob.hn\/web\/2022\/02\/13\/capacitan-a-productores-sobre-bioseguridad-en-granjas-avicolas\/","title":{"rendered":"Capacitan a productores sobre bioseguridad en granjas av\u00edcolas"},"content":{"rendered":"\t\t<div data-elementor-type=\"wp-post\" data-elementor-id=\"3489\" class=\"elementor elementor-3489\">\n\t\t\t\t\t\t<section class=\"elementor-section elementor-top-section elementor-element elementor-element-2eb1bb9 elementor-section-boxed elementor-section-height-default elementor-section-height-default\" data-id=\"2eb1bb9\" data-element_type=\"section\" data-e-type=\"section\">\n\t\t\t\t\t\t<div class=\"elementor-container elementor-column-gap-default\">\n\t\t\t\t\t<div class=\"elementor-column elementor-col-100 elementor-top-column elementor-element elementor-element-6029d0f\" data-id=\"6029d0f\" data-element_type=\"column\" data-e-type=\"column\">\n\t\t\t<div class=\"elementor-widget-wrap elementor-element-populated\">\n\t\t\t\t\t\t<div class=\"elementor-element elementor-element-d4653b3 elementor-widget elementor-widget-text-editor\" data-id=\"d4653b3\" data-element_type=\"widget\" data-e-type=\"widget\" data-widget_type=\"text-editor.default\">\n\t\t\t\t<div class=\"elementor-widget-container\">\n\t\t\t\t\t\t\t\t\t<p><strong><img decoding=\"async\" src=\"images\/gallinas-oli.jpg\" alt=\"\" \/><\/strong><\/p>\n<p><strong>Capacitan a productores sobre bioseguridad en granjas av\u00edcolas<\/strong><\/p>\n<hr id=\"system-readmore\" \/>\n<ul>\n<li>Jornada de capacitaci\u00f3n se extender\u00e1 a todo el pa\u00eds.<\/li>\n<\/ul>\n<p style=\"text-align: justify;\">\u00a0<strong>Comayagua.-<\/strong> Productores que se dedican al engorde, postura, reproducci\u00f3n, incubaci\u00f3n, levante y distribuci\u00f3n de huevos y carne de aves, fueron capacitados por el Servicio Nacional de Sanidad e Inocuidad Agroalimentaria (SENASA).<\/p>\n<p style=\"text-align: justify;\">A trav\u00e9s de una jornada de capacitaci\u00f3n, los avicultores tuvieron, la oportunidad de actualizar sus conocimientos y retroalimentarse sobre los requisitos que deben cumplir para su inscripci\u00f3n al Programa Av\u00edcola Nacional (PAN) de la Subdirecci\u00f3n General de Salud Animal.<\/p>\n<p style=\"text-align: justify;\">Con esta actividad se pretende crear conciencia en los avicultores de la importancia y manejo de las medidas de bioseguridad en cada una de las granjas av\u00edcolas y del gran esfuerzo que realiza el SENASA para salvaguardar el estatus av\u00edcola del pa\u00eds.<\/p>\n<p style=\"text-align: justify;\">Las charlas desarrolladas estuvieron a cargo de Daniel N\u00fa\u00f1ez, Jefe de Operaciones del Programa Av\u00edcola Nacional, Astrid Encina, Jefe del Departamento Legal y Kenia, N\u00fa\u00f1ez, Asesora Legal del PAN en SENASA.<\/p>\n<p style=\"text-align: justify;\">Los temas desarrollados fueron: Medidas de Bioseguridad en Granjas Av\u00edcolas, Regularizaci\u00f3n y Procesos de Autorizaci\u00f3n de Predios, Inscripci\u00f3n y Renovaci\u00f3n de Certificados, adem\u00e1s de un an\u00e1lisis cronol\u00f3gico y reglamentos que el SENASA ha aprobado en beneficio de la avicultura del pa\u00eds.<\/p>\t\t\t\t\t\t\t\t<\/div>\n\t\t\t\t<\/div>\n\t\t\t\t\t<\/div>\n\t\t<\/div>\n\t\t\t\t\t<\/div>\n\t\t<\/section>\n\t\t\t\t<\/div>\n\t\t","protected":false},"excerpt":{"rendered":"<p>Capacitan a productores sobre bioseguridad en granjas av\u00edcolas Jornada de capacitaci\u00f3n se extender\u00e1 a todo el pa\u00eds. \u00a0Comayagua.- Productores que se dedican al engorde, postura, reproducci\u00f3n, incubaci\u00f3n, levante y distribuci\u00f3n de huevos y carne de aves, fueron capacitados por el Servicio Nacional de Sanidad e Inocuidad Agroalimentaria (SENASA). A trav\u00e9s de una jornada de capacitaci\u00f3n, &hellip;<\/p>\n<p class=\"read-more\"> <a class=\"\" href=\"https:\/\/senasa.gob.hn\/web\/2022\/02\/13\/capacitan-a-productores-sobre-bioseguridad-en-granjas-avicolas\/\"> <span class=\"screen-reader-text\">Capacitan a productores sobre bioseguridad en granjas av\u00edcolas<\/span> Leer m\u00e1s &raquo;<\/a><\/p>\n","protected":false},"author":1,"featured_media":0,"comment_status":"open","ping_status":"open","sticky":false,"template":"","format":"standard","meta":{"ub_ctt_via":"","site-sidebar-layout":"default","site-content-layout":"default","ast-main-header-display":"","ast-hfb-above-header-display":"","ast-hfb-below-header-display":"","ast-hfb-mobile-header-display":"","site-post-title":"","ast-breadcrumbs-content":"","ast-featured-img":"","footer-sml-layout":"","theme-transparent-header-meta":"","adv-header-id-meta":"","stick-header-meta":"","header-above-stick-meta":"","header-main-stick-meta":"","header-below-stick-meta":"","footnotes":""},"categories":[1],"tags":[],"class_list":["post-3489","post","type-post","status-publish","format-standard","hentry","category-sin-categoria"],"featured_image_src":null,"author_info":{"display_name":"admin","author_link":"https:\/\/senasa.gob.hn\/web\/author\/admin\/"},"_links":{"self":[{"href":"https:\/\/senasa.gob.hn\/web\/wp-json\/wp\/v2\/posts\/3489","targetHints":{"allow":["GET"]}}],"collection":[{"href":"https:\/\/senasa.gob.hn\/web\/wp-json\/wp\/v2\/posts"}],"about":[{"href":"https:\/\/senasa.gob.hn\/web\/wp-json\/wp\/v2\/types\/post"}],"author":[{"embeddable":true,"href":"https:\/\/senasa.gob.hn\/web\/wp-json\/wp\/v2\/users\/1"}],"replies":[{"embeddable":true,"href":"https:\/\/senasa.gob.hn\/web\/wp-json\/wp\/v2\/comments?post=3489"}],"version-history":[{"count":4,"href":"https:\/\/senasa.gob.hn\/web\/wp-json\/wp\/v2\/posts\/3489\/revisions"}],"predecessor-version":[{"id":3493,"href":"https:\/\/senasa.gob.hn\/web\/wp-json\/wp\/v2\/posts\/3489\/revisions\/3493"}],"wp:attachment":[{"href":"https:\/\/senasa.gob.hn\/web\/wp-json\/wp\/v2\/media?parent=3489"}],"wp:term":[{"taxonomy":"category","embeddable":true,"href":"https:\/\/senasa.gob.hn\/web\/wp-json\/wp\/v2\/categories?post=3489"},{"taxonomy":"post_tag","embeddable":true,"href":"https:\/\/senasa.gob.hn\/web\/wp-json\/wp\/v2\/tags?post=3489"}],"curies":[{"name":"wp","href":"https:\/\/api.w.org\/{rel}","templated":true}]}}