{"id":3484,"date":"2022-02-13T13:31:18","date_gmt":"2022-02-13T13:31:18","guid":{"rendered":"https:\/\/senasa.gob.hn\/web\/?p=3484"},"modified":"2022-02-13T13:31:48","modified_gmt":"2022-02-13T13:31:48","slug":"capacitan-a-productores-de-citricos","status":"publish","type":"post","link":"https:\/\/senasa.gob.hn\/web\/2022\/02\/13\/capacitan-a-productores-de-citricos\/","title":{"rendered":"Capacitan a productores de c\u00edtricos"},"content":{"rendered":"\t\t<div data-elementor-type=\"wp-post\" data-elementor-id=\"3484\" class=\"elementor elementor-3484\">\n\t\t\t\t\t\t<section class=\"elementor-section elementor-top-section elementor-element elementor-element-e785c29 elementor-section-boxed elementor-section-height-default elementor-section-height-default\" data-id=\"e785c29\" data-element_type=\"section\" data-e-type=\"section\">\n\t\t\t\t\t\t<div class=\"elementor-container elementor-column-gap-default\">\n\t\t\t\t\t<div class=\"elementor-column elementor-col-100 elementor-top-column elementor-element elementor-element-71368e0\" data-id=\"71368e0\" data-element_type=\"column\" data-e-type=\"column\">\n\t\t\t<div class=\"elementor-widget-wrap elementor-element-populated\">\n\t\t\t\t\t\t<div class=\"elementor-element elementor-element-7cfdddd elementor-widget elementor-widget-text-editor\" data-id=\"7cfdddd\" data-element_type=\"widget\" data-e-type=\"widget\" data-widget_type=\"text-editor.default\">\n\t\t\t\t<div class=\"elementor-widget-container\">\n\t\t\t\t\t\t\t\t\t<p><strong><img fetchpriority=\"high\" decoding=\"async\" src=\"images\/66846562_2337181136502757_6987237605280579584_n.jpg\" alt=\"\" width=\"314\" height=\"222\" \/><\/strong><\/p>\n<p><strong>Capacitan a productores de c\u00edtricos<\/strong><\/p>\n<hr id=\"system-readmore\" \/>\n<p style=\"text-align: justify;\">Unos 50 productores de c\u00edtricos de El Negrito, Yoro y Yojoa, fueron capacitados en manejo integrado de plagas, producci\u00f3n de plantas sanas por personal fitosanitario del Organismo Internacional Regional de Sanidad Agropecuaria (OIRSA), y del Servicio Nacional e Inocuidad Agroalimentaria SENASA.<\/p>\n<p style=\"text-align: justify;\">Este taller es parte de las actividades estipuladas dentro del Proyecto de Producci\u00f3n de Plantas Sanas dijo Javier Vel\u00e1squez, Oficial Agrosanitario de OIRSA.<\/p>\n<p style=\"text-align: justify;\">Los citricultores recibieron charlas tambi\u00e9n departe de Luis Mej\u00eda T\u00e9cnico Fitosanitario de SENASA, en San Pedro Sula.<\/p>\n<p style=\"text-align: justify;\"><strong>Dato<\/strong><br \/> Seg\u00fan datos estad\u00edsticos en la zona existen unas mil 200 hect\u00e1reas de c\u00edtricos, principalmente de lim\u00f3n persa.<\/p>\n<p>\u00a0<\/p>\n<p><strong>\u00a0<\/strong><\/p>\t\t\t\t\t\t\t\t<\/div>\n\t\t\t\t<\/div>\n\t\t\t\t\t<\/div>\n\t\t<\/div>\n\t\t\t\t\t<\/div>\n\t\t<\/section>\n\t\t\t\t<\/div>\n\t\t","protected":false},"excerpt":{"rendered":"<p>Capacitan a productores de c\u00edtricos Unos 50 productores de c\u00edtricos de El Negrito, Yoro y Yojoa, fueron capacitados en manejo integrado de plagas, producci\u00f3n de plantas sanas por personal fitosanitario del Organismo Internacional Regional de Sanidad Agropecuaria (OIRSA), y del Servicio Nacional e Inocuidad Agroalimentaria SENASA. Este taller es parte de las actividades estipuladas dentro &hellip;<\/p>\n<p class=\"read-more\"> <a class=\"\" href=\"https:\/\/senasa.gob.hn\/web\/2022\/02\/13\/capacitan-a-productores-de-citricos\/\"> <span class=\"screen-reader-text\">Capacitan a productores de c\u00edtricos<\/span> Leer m\u00e1s &raquo;<\/a><\/p>\n","protected":false},"author":1,"featured_media":0,"comment_status":"open","ping_status":"open","sticky":false,"template":"","format":"standard","meta":{"ub_ctt_via":"","site-sidebar-layout":"default","site-content-layout":"default","ast-main-header-display":"","ast-hfb-above-header-display":"","ast-hfb-below-header-display":"","ast-hfb-mobile-header-display":"","site-post-title":"","ast-breadcrumbs-content":"","ast-featured-img":"","footer-sml-layout":"","theme-transparent-header-meta":"","adv-header-id-meta":"","stick-header-meta":"","header-above-stick-meta":"","header-main-stick-meta":"","header-below-stick-meta":"","footnotes":""},"categories":[1],"tags":[],"class_list":["post-3484","post","type-post","status-publish","format-standard","hentry","category-sin-categoria"],"featured_image_src":null,"author_info":{"display_name":"admin","author_link":"https:\/\/senasa.gob.hn\/web\/author\/admin\/"},"_links":{"self":[{"href":"https:\/\/senasa.gob.hn\/web\/wp-json\/wp\/v2\/posts\/3484","targetHints":{"allow":["GET"]}}],"collection":[{"href":"https:\/\/senasa.gob.hn\/web\/wp-json\/wp\/v2\/posts"}],"about":[{"href":"https:\/\/senasa.gob.hn\/web\/wp-json\/wp\/v2\/types\/post"}],"author":[{"embeddable":true,"href":"https:\/\/senasa.gob.hn\/web\/wp-json\/wp\/v2\/users\/1"}],"replies":[{"embeddable":true,"href":"https:\/\/senasa.gob.hn\/web\/wp-json\/wp\/v2\/comments?post=3484"}],"version-history":[{"count":4,"href":"https:\/\/senasa.gob.hn\/web\/wp-json\/wp\/v2\/posts\/3484\/revisions"}],"predecessor-version":[{"id":3488,"href":"https:\/\/senasa.gob.hn\/web\/wp-json\/wp\/v2\/posts\/3484\/revisions\/3488"}],"wp:attachment":[{"href":"https:\/\/senasa.gob.hn\/web\/wp-json\/wp\/v2\/media?parent=3484"}],"wp:term":[{"taxonomy":"category","embeddable":true,"href":"https:\/\/senasa.gob.hn\/web\/wp-json\/wp\/v2\/categories?post=3484"},{"taxonomy":"post_tag","embeddable":true,"href":"https:\/\/senasa.gob.hn\/web\/wp-json\/wp\/v2\/tags?post=3484"}],"curies":[{"name":"wp","href":"https:\/\/api.w.org\/{rel}","templated":true}]}}