{"id":3427,"date":"2022-02-13T07:34:15","date_gmt":"2022-02-13T07:34:15","guid":{"rendered":"https:\/\/senasa.gob.hn\/web\/?p=3427"},"modified":"2022-02-13T07:35:27","modified_gmt":"2022-02-13T07:35:27","slug":"campana-de-vacunacion-40-mil-animales-seran-vacunados-para-prevencion-de-la-rabia-paralitica-bovina-por-senasa","status":"publish","type":"post","link":"https:\/\/senasa.gob.hn\/web\/2022\/02\/13\/campana-de-vacunacion-40-mil-animales-seran-vacunados-para-prevencion-de-la-rabia-paralitica-bovina-por-senasa\/","title":{"rendered":"Campa\u00f1a de Vacunaci\u00f3n: 40 mil animales ser\u00e1n vacunados para prevenci\u00f3n de la rabia paral\u00edtica bovina por SENASA"},"content":{"rendered":"\t\t<div data-elementor-type=\"wp-post\" data-elementor-id=\"3427\" class=\"elementor elementor-3427\">\n\t\t\t\t\t\t<section class=\"elementor-section elementor-top-section elementor-element elementor-element-748a6ce elementor-section-boxed elementor-section-height-default elementor-section-height-default\" data-id=\"748a6ce\" data-element_type=\"section\" data-e-type=\"section\">\n\t\t\t\t\t\t<div class=\"elementor-container elementor-column-gap-default\">\n\t\t\t\t\t<div class=\"elementor-column elementor-col-100 elementor-top-column elementor-element elementor-element-e53c720\" data-id=\"e53c720\" data-element_type=\"column\" data-e-type=\"column\">\n\t\t\t<div class=\"elementor-widget-wrap elementor-element-populated\">\n\t\t\t\t\t\t<div class=\"elementor-element elementor-element-a7c93e6 elementor-widget elementor-widget-text-editor\" data-id=\"a7c93e6\" data-element_type=\"widget\" data-e-type=\"widget\" data-widget_type=\"text-editor.default\">\n\t\t\t\t<div class=\"elementor-widget-container\">\n\t\t\t\t\t\t\t\t\t<p><img fetchpriority=\"high\" decoding=\"async\" src=\"images\/IMG_2131.jpg\" alt=\"\" width=\"3055\" height=\"1537\" \/><\/p>\n<p><em>Campa\u00f1a de Vacunaci\u00f3n:&nbsp;<\/em><strong>40 mil animales ser\u00e1n vacunados para prevenci\u00f3n de la rabia paral\u00edtica bovina por SENASA&nbsp;<\/strong><\/p>\n<hr id=\"system-readmore\" \/>\n<p style=\"text-align: justify;\">Tegucigalpa.- Unos 40 mil bovinos ser\u00e1n vacunados como medida de prevenci\u00f3n de la enfermedad de Rabia Paral\u00edtica Bovina, por autoridades del Servicio Nacional de Sanidad e Inocuidad Agroalimentaria (SENASA) con el apoyo de la Secretar\u00eda de Agricultura y ganader\u00eda (SAG).&nbsp;<\/p>\n<p style=\"text-align: justify;\">Desde hace una semana esta instituci\u00f3n liderada por Juan Ram\u00f3n Vel\u00e1squez, Director General y Rafael Rodr\u00edguez, Director T\u00e9cnico de Salud Animal de SENASA, dio inicio a la campa\u00f1a de vacunaci\u00f3n para la prevenci\u00f3n de esta enfermedad, la cual incluye la trazabilidad del ganado mediante la colocaci\u00f3n de aretes oficiales y abarca los Departamentos de Olancho, Col\u00f3n, Cort\u00e9s, Atl\u00e1ntida, Santa Barbar\u00e1&nbsp; y Cop\u00e1n.<\/p>\n<p style=\"text-align: justify;\">Elmer L\u00f3pez, Coordinador del Programa de Brucelosis y Tuberculosis en la Oficina Regional de Juticalpa, expres\u00f3 \u201cComenzamos la vacunaci\u00f3n en la comunidad de la Puzunca, donde hemos vacunado m\u00e1s de 800 bovinos y trazado a 479 semovientes y cubierto 17 fincas.<\/p>\n<p style=\"text-align: justify;\">L\u00f3pez, agreg\u00f3 que \u201cAl terminar de vacunar e identificar a los animales aqu\u00ed, continuaremos en un radio de acci\u00f3n que comprende 3 kil\u00f3metros y abarca las aldeas de San Marcos, Jutiquile, Telica, Tul\u00edn, Telica Abajo y parte de la Empalizada, pero tenemos que cubrir un radio de 12 kil\u00f3metros y 20 aldeas\u201d.<\/p>\n<p style=\"text-align: justify;\">&nbsp;\u201cLe pedimos a los ganaderos que colaboren con nosotros para que sus animales sean vacunados y as\u00ed prevenir la enfermedad, recordar que el murci\u00e9lago hemat\u00f3fago es un vector que anda volando y lo que buscamos es evitar el riesgo que los animales se les puedan enfermar\u201d.<\/p>\n<p style=\"text-align: justify;\">Por su parte, don Concepci\u00f3n Ruiz Guifarro, ganadero de la aldea La Puzunka, se\u00f1al\u00f3 \u201cUn gran agradecimiento para el estado, yo no he tenido problemas, esto es bueno lo que est\u00e1 haciendo el gobierno siempre que sea una vacuna preventiva y eficaz para proteger nuestro ganado\u201d.<\/p>\n<p style=\"text-align: justify;\">\u201cEn mi finca tengo 90 animales con todo y terneras, la mayor\u00eda fueron vacunados y trazados por SENASA la leche se la vendo al carro recolector que pasa por aqu\u00ed, la llevan para ser procesada en una quesillera artesanal.<\/p>\n<p style=\"text-align: justify;\">Para una mejor atenci\u00f3n, los ganaderos pueden comunicarse a los tel\u00e9fonos 2232-6213\/2235-8425 2239-7067 a nivel central y al 27852284 \/ 99103206 en Juticalpa o visitar la oficina regional m\u00e1s cercana a su sector donde M\u00e9dicos Veterinarios le atender\u00e1n.<\/p>\n<p style=\"text-align: justify;\"><strong>Dato&nbsp;<\/strong><\/p>\n<p style=\"text-align: justify;\">La rabia paralitica bovina es una enfermedad end\u00e9mica en el pa\u00eds, la misma se transmite mediante la saliva de los animales infectados,&nbsp; cuya infecci\u00f3n se produce principalmente por&nbsp; heridas por mordedura, o por entrada de saliva infectada en las heridas abiertas o en la membrana mucosa, en los bovinos el principal transmisor es el murci\u00e9lago Desmodus rotundus.<\/p>\n<p style=\"text-align: justify;\"><strong>Signos de la Enfermedad&nbsp;<\/strong><\/p>\n<p style=\"text-align: justify;\">Aparici\u00f3n de animales con lesiones por mordeduras, en diversas zonas del cuerpo animales inquietos, se\u00f1al de par\u00e1lisis e incoordinaci\u00f3n, salivaci\u00f3n, dificultad para caminar, postraci\u00f3n o&nbsp; muerte.<\/p>\t\t\t\t\t\t\t\t<\/div>\n\t\t\t\t<\/div>\n\t\t\t\t\t<\/div>\n\t\t<\/div>\n\t\t\t\t\t<\/div>\n\t\t<\/section>\n\t\t\t\t<\/div>\n\t\t","protected":false},"excerpt":{"rendered":"<p>Campa\u00f1a de Vacunaci\u00f3n:&nbsp;40 mil animales ser\u00e1n vacunados para prevenci\u00f3n de la rabia paral\u00edtica bovina por SENASA&nbsp; Tegucigalpa.- Unos 40 mil bovinos ser\u00e1n vacunados como medida de prevenci\u00f3n de la enfermedad de Rabia Paral\u00edtica Bovina, por autoridades del Servicio Nacional de Sanidad e Inocuidad Agroalimentaria (SENASA) con el apoyo de la Secretar\u00eda de Agricultura y ganader\u00eda &hellip;<\/p>\n<p class=\"read-more\"> <a class=\"\" href=\"https:\/\/senasa.gob.hn\/web\/2022\/02\/13\/campana-de-vacunacion-40-mil-animales-seran-vacunados-para-prevencion-de-la-rabia-paralitica-bovina-por-senasa\/\"> <span class=\"screen-reader-text\">Campa\u00f1a de Vacunaci\u00f3n: 40 mil animales ser\u00e1n vacunados para prevenci\u00f3n de la rabia paral\u00edtica bovina por SENASA<\/span> Leer m\u00e1s &raquo;<\/a><\/p>\n","protected":false},"author":1,"featured_media":0,"comment_status":"open","ping_status":"open","sticky":false,"template":"","format":"standard","meta":{"ub_ctt_via":"","site-sidebar-layout":"default","site-content-layout":"default","ast-main-header-display":"","ast-hfb-above-header-display":"","ast-hfb-below-header-display":"","ast-hfb-mobile-header-display":"","site-post-title":"","ast-breadcrumbs-content":"","ast-featured-img":"","footer-sml-layout":"","theme-transparent-header-meta":"","adv-header-id-meta":"","stick-header-meta":"","header-above-stick-meta":"","header-main-stick-meta":"","header-below-stick-meta":"","footnotes":""},"categories":[1],"tags":[],"class_list":["post-3427","post","type-post","status-publish","format-standard","hentry","category-sin-categoria"],"featured_image_src":null,"author_info":{"display_name":"admin","author_link":"https:\/\/senasa.gob.hn\/web\/author\/admin\/"},"_links":{"self":[{"href":"https:\/\/senasa.gob.hn\/web\/wp-json\/wp\/v2\/posts\/3427","targetHints":{"allow":["GET"]}}],"collection":[{"href":"https:\/\/senasa.gob.hn\/web\/wp-json\/wp\/v2\/posts"}],"about":[{"href":"https:\/\/senasa.gob.hn\/web\/wp-json\/wp\/v2\/types\/post"}],"author":[{"embeddable":true,"href":"https:\/\/senasa.gob.hn\/web\/wp-json\/wp\/v2\/users\/1"}],"replies":[{"embeddable":true,"href":"https:\/\/senasa.gob.hn\/web\/wp-json\/wp\/v2\/comments?post=3427"}],"version-history":[{"count":4,"href":"https:\/\/senasa.gob.hn\/web\/wp-json\/wp\/v2\/posts\/3427\/revisions"}],"predecessor-version":[{"id":3431,"href":"https:\/\/senasa.gob.hn\/web\/wp-json\/wp\/v2\/posts\/3427\/revisions\/3431"}],"wp:attachment":[{"href":"https:\/\/senasa.gob.hn\/web\/wp-json\/wp\/v2\/media?parent=3427"}],"wp:term":[{"taxonomy":"category","embeddable":true,"href":"https:\/\/senasa.gob.hn\/web\/wp-json\/wp\/v2\/categories?post=3427"},{"taxonomy":"post_tag","embeddable":true,"href":"https:\/\/senasa.gob.hn\/web\/wp-json\/wp\/v2\/tags?post=3427"}],"curies":[{"name":"wp","href":"https:\/\/api.w.org\/{rel}","templated":true}]}}