{"id":3412,"date":"2022-02-13T07:26:28","date_gmt":"2022-02-13T07:26:28","guid":{"rendered":"https:\/\/senasa.gob.hn\/web\/?p=3412"},"modified":"2022-02-13T07:27:36","modified_gmt":"2022-02-13T07:27:36","slug":"arriba-primer-contendedor-de-melon-hondureno-a-mexico","status":"publish","type":"post","link":"https:\/\/senasa.gob.hn\/web\/2022\/02\/13\/arriba-primer-contendedor-de-melon-hondureno-a-mexico\/","title":{"rendered":"Arriba primer contendedor de mel\u00f3n hondure\u00f1o a M\u00e9xico"},"content":{"rendered":"\t\t<div data-elementor-type=\"wp-post\" data-elementor-id=\"3412\" class=\"elementor elementor-3412\">\n\t\t\t\t\t\t<section class=\"elementor-section elementor-top-section elementor-element elementor-element-c467b90 elementor-section-boxed elementor-section-height-default elementor-section-height-default\" data-id=\"c467b90\" data-element_type=\"section\" data-e-type=\"section\">\n\t\t\t\t\t\t<div class=\"elementor-container elementor-column-gap-default\">\n\t\t\t\t\t<div class=\"elementor-column elementor-col-100 elementor-top-column elementor-element elementor-element-227670f\" data-id=\"227670f\" data-element_type=\"column\" data-e-type=\"column\">\n\t\t\t<div class=\"elementor-widget-wrap elementor-element-populated\">\n\t\t\t\t\t\t<div class=\"elementor-element elementor-element-e3e74a0 elementor-widget elementor-widget-text-editor\" data-id=\"e3e74a0\" data-element_type=\"widget\" data-e-type=\"widget\" data-widget_type=\"text-editor.default\">\n\t\t\t\t<div class=\"elementor-widget-container\">\n\t\t\t\t\t\t\t\t\t<p><img fetchpriority=\"high\" decoding=\"async\" src=\"images\/meloncito-mexico.jpg\" alt=\"\" width=\"573\" height=\"313\" \/><\/p>\n<p><strong>Arriba primer contendedor de mel\u00f3n hondure\u00f1o a M\u00e9xico<\/strong><\/p>\n<hr id=\"system-readmore\" \/>\n<p>*Honduras se convierte en el segundo pa\u00eds de Latinoam\u00e9rica que le vende mel\u00f3n a este pa\u00eds azteca, un hecho que quedar\u00e1 registrado en la historia.<\/p>\n<p>*Autoridades aztecas reconocen que el pa\u00eds ha cumplido con los est\u00e1ndares m\u00e1s altos establecidos a nivel mundial.<\/p>\n<p>Un primer contenedor de mel\u00f3n con unas 1344 cajas procedentes de la zona sur de Honduras arribaron este d\u00eda a Manzanillo, principal puerto del Pacifico ubicado en Colima, M\u00e9xico, luego de cumplir con los requisitos fitosanitarios y de inocuidad, as\u00ed como la ausencia de Mosca del Mediterr\u00e1neo (Ceratitis capitata).<\/p>\n<p>Con la llegada de los primeros melones Honduras se convierte en el segundo pa\u00eds de Latinoam\u00e9rica que le vende mel\u00f3n a este pa\u00eds azteca, un hecho que quedar\u00e1 registrado en la historia expres\u00f3, Ricardo Paz Director General del Servicio Nacional de Sanidad e Inocuidad Agroalimentaria (Senasa) de la Secretar\u00eda de Agricultura y Ganader\u00eda (SAG).<\/p>\n<p>Anunci\u00f3 que, los melones son de la variedad Cantaulope e identificados bajo Lote J\u00edcaro 3-5 #1003-270, zona III, producidos en la finca Santa Rosa de la Agropecuaria Montelibano.<\/p>\n<p><img decoding=\"async\" src=\"images\/melon-mexico-3.jpg\" alt=\"\" width=\"575\" height=\"418\" \/><\/p>\n<p><strong>Aprobaci\u00f3n de admisibilidad<\/strong><\/p>\n<p>Hace aproximadamente 2 semanas que el propio titular de Senasa recibi\u00f3 la notificaci\u00f3n de la aprobaci\u00f3n oficial del gobierno mexicano para la admisibilidad de mel\u00f3n quien manifest\u00f3 que \u201ceste es otro logro m\u00e1s para el Gobierno de la Rep\u00fablica y la Empresa Agrolibano, la cual se concretiza con la llegada de los primeros melones que ser\u00e1n degustados en las mejores cadenas de supermercados y mercados de esa naci\u00f3n \u201d.<\/p>\n<p>\u201cEstamos muy satisfechos, luego de un trabajo muy tedioso y comprometedor por parte del equipo t\u00e9cnico del Departamento de Diagn\u00f3stico Vigilancia y Campa\u00f1as Fitosanitarias de la Subdirecci\u00f3n General de Sanidad Vegetal de Senasa, Agrolibano y el Embajador de Honduras en M\u00e9xico, Alden Rivera hoy logramos esta apertura&#8221;.<\/p>\n<p><img decoding=\"async\" src=\"images\/conteendor-de-melon.jpg\" alt=\"\" width=\"577\" height=\"572\" \/><\/p>\n<p>Para la cosecha del 2018-2019 las expectativas de exportaci\u00f3n son bastante altas cubriendo una ventana de mercado que brinda el pa\u00eds azteca al producto hondure\u00f1o, se\u00f1al\u00f3.<\/p>\n<p>M\u00e9xico se suma a otros mercados que ya consumen el mel\u00f3n hondure\u00f1o como ser: Jap\u00f3n, Taiw\u00e1n, Estados Unidos y Centro Am\u00e9rica, las autoridades del pa\u00eds trabajan para lograr exportar tambi\u00e9n esta fruta a Korea.<\/p>\n<p><a href=\"https:\/\/www.facebook.com\/SagSenasaHn\/photos\/pcb.2066584596895747\/2066584476895759\/?type=3\"><br \/> <\/a><\/p>\t\t\t\t\t\t\t\t<\/div>\n\t\t\t\t<\/div>\n\t\t\t\t\t<\/div>\n\t\t<\/div>\n\t\t\t\t\t<\/div>\n\t\t<\/section>\n\t\t\t\t<\/div>\n\t\t","protected":false},"excerpt":{"rendered":"<p>Arriba primer contendedor de mel\u00f3n hondure\u00f1o a M\u00e9xico *Honduras se convierte en el segundo pa\u00eds de Latinoam\u00e9rica que le vende mel\u00f3n a este pa\u00eds azteca, un hecho que quedar\u00e1 registrado en la historia. *Autoridades aztecas reconocen que el pa\u00eds ha cumplido con los est\u00e1ndares m\u00e1s altos establecidos a nivel mundial. Un primer contenedor de mel\u00f3n &hellip;<\/p>\n<p class=\"read-more\"> <a class=\"\" href=\"https:\/\/senasa.gob.hn\/web\/2022\/02\/13\/arriba-primer-contendedor-de-melon-hondureno-a-mexico\/\"> <span class=\"screen-reader-text\">Arriba primer contendedor de mel\u00f3n hondure\u00f1o a M\u00e9xico<\/span> Leer m\u00e1s &raquo;<\/a><\/p>\n","protected":false},"author":1,"featured_media":0,"comment_status":"open","ping_status":"open","sticky":false,"template":"","format":"standard","meta":{"ub_ctt_via":"","site-sidebar-layout":"default","site-content-layout":"default","ast-main-header-display":"","ast-hfb-above-header-display":"","ast-hfb-below-header-display":"","ast-hfb-mobile-header-display":"","site-post-title":"","ast-breadcrumbs-content":"","ast-featured-img":"","footer-sml-layout":"","theme-transparent-header-meta":"","adv-header-id-meta":"","stick-header-meta":"","header-above-stick-meta":"","header-main-stick-meta":"","header-below-stick-meta":"","footnotes":""},"categories":[1],"tags":[],"class_list":["post-3412","post","type-post","status-publish","format-standard","hentry","category-sin-categoria"],"featured_image_src":null,"author_info":{"display_name":"admin","author_link":"https:\/\/senasa.gob.hn\/web\/author\/admin\/"},"_links":{"self":[{"href":"https:\/\/senasa.gob.hn\/web\/wp-json\/wp\/v2\/posts\/3412","targetHints":{"allow":["GET"]}}],"collection":[{"href":"https:\/\/senasa.gob.hn\/web\/wp-json\/wp\/v2\/posts"}],"about":[{"href":"https:\/\/senasa.gob.hn\/web\/wp-json\/wp\/v2\/types\/post"}],"author":[{"embeddable":true,"href":"https:\/\/senasa.gob.hn\/web\/wp-json\/wp\/v2\/users\/1"}],"replies":[{"embeddable":true,"href":"https:\/\/senasa.gob.hn\/web\/wp-json\/wp\/v2\/comments?post=3412"}],"version-history":[{"count":4,"href":"https:\/\/senasa.gob.hn\/web\/wp-json\/wp\/v2\/posts\/3412\/revisions"}],"predecessor-version":[{"id":3416,"href":"https:\/\/senasa.gob.hn\/web\/wp-json\/wp\/v2\/posts\/3412\/revisions\/3416"}],"wp:attachment":[{"href":"https:\/\/senasa.gob.hn\/web\/wp-json\/wp\/v2\/media?parent=3412"}],"wp:term":[{"taxonomy":"category","embeddable":true,"href":"https:\/\/senasa.gob.hn\/web\/wp-json\/wp\/v2\/categories?post=3412"},{"taxonomy":"post_tag","embeddable":true,"href":"https:\/\/senasa.gob.hn\/web\/wp-json\/wp\/v2\/tags?post=3412"}],"curies":[{"name":"wp","href":"https:\/\/api.w.org\/{rel}","templated":true}]}}